{"id":7512,"date":"2019-12-16T02:40:07","date_gmt":"2019-12-16T05:40:07","guid":{"rendered":"http:\/\/www.revistarescatados.com.ar\/web\/?p=7512"},"modified":"2019-12-16T02:40:07","modified_gmt":"2019-12-16T05:40:07","slug":"el-concejo-municipal-trato-cinco-proyectos-en-su-ultima-sesion-ordinaria","status":"publish","type":"post","link":"https:\/\/www.revistarescatados.com.ar\/web\/2019\/12\/16\/el-concejo-municipal-trato-cinco-proyectos-en-su-ultima-sesion-ordinaria\/","title":{"rendered":"El concejo municipal trat\u00f3 cinco proyectos en su \u00faltima sesi\u00f3n ordinaria"},"content":{"rendered":"<p><img loading=\"lazy\" class=\"aligncenter size-full wp-image-7513\" src=\"http:\/\/www.revistarescatados.com.ar\/web\/wp-content\/uploads\/2019\/12\/concejales-1-1.jpg\" alt=\"\" width=\"960\" height=\"720\" srcset=\"https:\/\/www.revistarescatados.com.ar\/web\/wp-content\/uploads\/2019\/12\/concejales-1-1.jpg 960w, https:\/\/www.revistarescatados.com.ar\/web\/wp-content\/uploads\/2019\/12\/concejales-1-1-300x225.jpg 300w, https:\/\/www.revistarescatados.com.ar\/web\/wp-content\/uploads\/2019\/12\/concejales-1-1-768x576.jpg 768w\" sizes=\"(max-width: 960px) 100vw, 960px\" \/><\/p>\n<p><span style=\"color: #0000ff;\"><strong>Trataron una propuesta sobre un camino p\u00fablico, una declaraci\u00f3n de interes municipal, la explotaci\u00f3n de la cantina El Cristal, el presupuesto 2020 y el funcionamiento de un carribar en el parque.<\/strong><\/span><\/p>\n<p>En la sesi\u00f3n ordinaria del jueves 5 de diciembre, los concejales presentes Livio Beltramino (JxC), Juan Jos\u00e9 Zanetti (JxC), Fabi\u00e1n Acosta (Juntos) y Joana N. Mussin (FJV) trabajaron sobre los siguientes temas:<\/p>\n<p>\u23e9Sobre la donaci\u00f3n de un inmueble rural para destinarlo a camino p\u00fablico por parte de un grupo de vecinos: se decide convocar a los donantes y al funcionario municipal correspondiente, para acordar las formalidades del caso.<\/p>\n<p>\u23e9Sobre el 6\u00ba Pesebre Viviente de la Iglesia Evang\u00e9lica \u201cAsamblea de Dios\u201d que solicit\u00f3 sea declarado de inter\u00e9s Cultural: se decide en positivo, pero se redactar\u00e1 la Ordenanza correspondiente, que ser\u00e1 promulgada en pr\u00f3xima sesi\u00f3n.<\/p>\n<p>\u23e9Sobre la explotaci\u00f3n de la cantina de la Laguna &#8220;El Cristal&#8221; : se efectu\u00f3 un concurso de precios, resultando ganador el Sr. Juan Ram\u00f3n Fabre. El Concejo aguarda el decreto u ordenanza para tratarla y aprobarla, ya que al tratarse de una concesi\u00f3n de un servicio, debe ser aprobada por este \u00f3rgano.<\/p>\n<p>\u23e9Sobre la aprobaci\u00f3n del Presupuesto General para el a\u00f1o 2020: se continuar\u00e1 trabajando en comisi\u00f3n con las recomendaciones y aclaraciones que fundamentalmente los concejales del bloque Juntos por Calchaqu\u00ed desean realizar.<\/p>\n<p>\u23e9Sobre el Carribar &#8220;Constantine&#8221;, que est\u00e1 funcionando en el predio del Parque: los Concejales de Juntos por Calchaqu\u00ed sostienen que debe emitirse una comunicaci\u00f3n al Dpto. Ejecutivo Municipal, debido a que volvi\u00f3 a funcionar a pesar de incumplir la ordenanza que regula el funcionamiento de carribares. Tambi\u00e9n expresan que se han citado a funcionarios del Ejecutivo por dicho tema pero no han asistido.<\/p>\n<p>Sin m\u00e1s, se dio por finalizada la sesi\u00f3n.<\/p>\n","protected":false},"excerpt":{"rendered":"<p>Trataron una propuesta sobre un camino p\u00fablico, una declaraci\u00f3n de interes municipal, la explotaci\u00f3n de la cantina El Cristal, el presupuesto 2020 y el funcionamiento de un carribar en el parque. En&#46;&#46;&#46;<\/p>\n","protected":false},"author":1,"featured_media":7513,"comment_status":"closed","ping_status":"open","sticky":false,"template":"","format":"standard","meta":[],"categories":[2,3,13],"tags":[],"_links":{"self":[{"href":"https:\/\/www.revistarescatados.com.ar\/web\/wp-json\/wp\/v2\/posts\/7512"}],"collection":[{"href":"https:\/\/www.revistarescatados.com.ar\/web\/wp-json\/wp\/v2\/posts"}],"about":[{"href":"https:\/\/www.revistarescatados.com.ar\/web\/wp-json\/wp\/v2\/types\/post"}],"author":[{"embeddable":true,"href":"https:\/\/www.revistarescatados.com.ar\/web\/wp-json\/wp\/v2\/users\/1"}],"replies":[{"embeddable":true,"href":"https:\/\/www.revistarescatados.com.ar\/web\/wp-json\/wp\/v2\/comments?post=7512"}],"version-history":[{"count":1,"href":"https:\/\/www.revistarescatados.com.ar\/web\/wp-json\/wp\/v2\/posts\/7512\/revisions"}],"predecessor-version":[{"id":7514,"href":"https:\/\/www.revistarescatados.com.ar\/web\/wp-json\/wp\/v2\/posts\/7512\/revisions\/7514"}],"wp:featuredmedia":[{"embeddable":true,"href":"https:\/\/www.revistarescatados.com.ar\/web\/wp-json\/wp\/v2\/media\/7513"}],"wp:attachment":[{"href":"https:\/\/www.revistarescatados.com.ar\/web\/wp-json\/wp\/v2\/media?parent=7512"}],"wp:term":[{"taxonomy":"category","embeddable":true,"href":"https:\/\/www.revistarescatados.com.ar\/web\/wp-json\/wp\/v2\/categories?post=7512"},{"taxonomy":"post_tag","embeddable":true,"href":"https:\/\/www.revistarescatados.com.ar\/web\/wp-json\/wp\/v2\/tags?post=7512"}],"curies":[{"name":"wp","href":"https:\/\/api.w.org\/{rel}","templated":true}]}}