{"id":7517,"date":"2019-12-17T00:15:27","date_gmt":"2019-12-17T03:15:27","guid":{"rendered":"http:\/\/www.revistarescatados.com.ar\/web\/?p=7517"},"modified":"2019-12-17T00:15:27","modified_gmt":"2019-12-17T03:15:27","slug":"perotti-en-fisfe-queremos-consolidar-una-santa-fe-industrial-para-convertirla-en-el-motor-de-la-argentina","status":"publish","type":"post","link":"https:\/\/www.revistarescatados.com.ar\/web\/2019\/12\/17\/perotti-en-fisfe-queremos-consolidar-una-santa-fe-industrial-para-convertirla-en-el-motor-de-la-argentina\/","title":{"rendered":"Perotti en Fisfe: \u201cQueremos consolidar una Santa Fe industrial, para convertirla en el motor de la Argentina\u201d"},"content":{"rendered":"<p>&nbsp;<\/p>\n<p><img loading=\"lazy\" class=\"aligncenter size-full wp-image-7518\" src=\"http:\/\/www.revistarescatados.com.ar\/web\/wp-content\/uploads\/2019\/12\/Perotti-en-FISFE.jpg\" alt=\"\" width=\"1140\" height=\"640\" srcset=\"https:\/\/www.revistarescatados.com.ar\/web\/wp-content\/uploads\/2019\/12\/Perotti-en-FISFE.jpg 1140w, https:\/\/www.revistarescatados.com.ar\/web\/wp-content\/uploads\/2019\/12\/Perotti-en-FISFE-300x168.jpg 300w, https:\/\/www.revistarescatados.com.ar\/web\/wp-content\/uploads\/2019\/12\/Perotti-en-FISFE-768x431.jpg 768w, https:\/\/www.revistarescatados.com.ar\/web\/wp-content\/uploads\/2019\/12\/Perotti-en-FISFE-1024x575.jpg 1024w\" sizes=\"(max-width: 1140px) 100vw, 1140px\" \/><\/p>\n<p><span style=\"color: #0000ff;\"><strong>El gobernador Omar Perotti asisti\u00f3, este lunes en Rosario, al acto de balance y brindis de fin de a\u00f1o de la Federaci\u00f3n Industrial Santa Fe (Fisfe), donde convoc\u00f3 a los presentes a trabajar por una provincia \u201cindustrial, con valor agregado, producci\u00f3n, ciencia y tecnolog\u00eda, y potenciarla plenamente para convertirla en el motor de la Argentina\u201d.<\/strong><\/span><\/p>\n<p>\u201cCambiamos el sentido de la econom\u00eda que se estaba llevando por delante los sue\u00f1os, y ahora nos permite renovar expectativas. En estos d\u00edas nada va a cambiar sustancialmente, salvo algo central como el entusiasmo y la confianza que genera un clima de expectativas diferente con el cambio de rumbo\u201d, se\u00f1al\u00f3 Perotti en el encuentro que cont\u00f3 con la presencia de empresarios industriales de toda la provincia, y de la vicegobernadora, Alejandra Rodenas.<\/p>\n<p>\u201cQueremos una Santa Fe protagonista de este cambio \u2013prosigui\u00f3 Perotti-, y sacar a la cancha otra vez a nuestros emprendedores ca\u00eddos. Los necesitamos con ese empuje de siempre, y quiero agradecerles a todos los esfuerzos por cuidar el empleo. Se not\u00f3 un empresariado muy distinto al de la crisis del 2001 o 2002, eso marc\u00f3 una diferencia sustancial\u201d.<\/p>\n<p>El gobernador reflexion\u00f3 que \u201cestar hoy en Fisfe, en el inicio de un gobierno, entendemos que es una se\u00f1al importante, que ratifica los v\u00ednculos con el sector. Creo en esto, he trabajado toda la vida vinculado al sector de la producci\u00f3n, y creo particularmente en el sector industrial de Santa Fe y en cada uno de sus sectores productivos, tenemos lo que muchas otras provincias o regiones pueden envidiar: la capacidad de nuestros productores agropecuarios, productores, empresarios y emprendedores\u201d.<\/p>\n<p>En otro tramo de su discurso, el mandatario provincial convoc\u00f3 a los presentes a construir un camino que hay que \u201chacer juntos, y una victoria perfecta donde nadie pierde\u201d, y les asegur\u00f3 que del \u201cotro lado del tel\u00e9fono\u201d van a encontrar \u201cgente que sabe de lo que estamos hablando, que ha pasado por las mismas, y sabe a d\u00f3nde tenemos que ir\u201d.<\/p>\n<p>Adem\u00e1s, Perotti analiz\u00f3 que \u201chay una circunstancia dura de inicio, al igual que a nivel nacional desde el punto de vista fiscal, y una realidad socioecon\u00f3mica de gravedad. Seguramente tendremos dificultades y habr\u00e1 que superar obst\u00e1culos, pero tenemos en claro que el viento cambi\u00f3 y nosotros sabemos d\u00f3nde nos va a llevar porque tenemos rumbo de una provincia que tiene que ser industrial, tiene que incorporar valor, y potenciarla plenamente para convertir a Santa Fe en el motor de la Argentina\u201d.<\/p>\n<p><strong><span style=\"color: #0000ff;\">Ley de ART<\/span><\/strong><br \/>\nFinalmente, el gobernador se comprometi\u00f3 a impulsar los proyectos de adhesi\u00f3n a la ley de ART, \u201cen el menor tiempo posible\u201d, en consonancia con la mirada del presidente de la Naci\u00f3n, Alberto Fern\u00e1ndez.<\/p>\n<p>Por su parte, el presidente de Fisfe, V\u00edctor Sarmiento, asegur\u00f3 que \u201csin industria no hay Naci\u00f3n\u201d, y agradeci\u00f3 la presencia de Perotti, quien \u201cha demostrado, en pocos d\u00edas de gesti\u00f3n, tener un sentimiento hacia el sector industrial\u201d.<\/p>\n<p>Del encuentro, llevado a la cabo en la sede de la entidad de calle Entre R\u00edos al 1400, participaron tambi\u00e9n, el ministro de Trabajo, Empleo y Seguridad Social de la provincia, Roberto Sukerman; el senador nacional, Roberto Mirabella; el diputado nacional, Jos\u00e9 Nu\u00f1ez; el senador provincial, Marcelo Lewandowski; el interventor de la Empresa Provincial de la Energ\u00eda (EPE), Mauricio Caussi; los intendentes de Rosario, Pablo Javkin; de Villa Gobernador G\u00e1lvez, Alberto Ricci, y de P\u00e9rez, Dar\u00edo Corsalini, entre otras autoridades y miembros del consejo directivo.<\/p>\n<p><strong><span style=\"color: #0000ff;\">Fisfe<\/span><\/strong><br \/>\nLa Federaci\u00f3n Industrial de Santa Fe, denominada tambi\u00e9n Fisfe, es una asociaci\u00f3n civil de car\u00e1cter gremial empresario de primer y segundo grado simult\u00e1neamente. Fue constituida el 26 de diciembre de 1979 en la ciudad de Rosario, Provincia de Santa Fe.<\/p>\n<p>Agrupa a C\u00e1maras, Centros y Asociaciones, domiciliadas en la Provincia de Santa Fe, y que, bajo esas o similares denominaciones tengan como asociadas a personas f\u00edsicas o jur\u00eddicas de derecho privado dedicadas a la actividad industrial en el territorio de la Provincia de Santa Fe, a trav\u00e9s de uno, algunos o todos sus asociados.<\/p>\n","protected":false},"excerpt":{"rendered":"<p>&nbsp; El gobernador Omar Perotti asisti\u00f3, este lunes en Rosario, al acto de balance y brindis de fin de a\u00f1o de la Federaci\u00f3n Industrial Santa Fe (Fisfe), donde convoc\u00f3 a los presentes&#46;&#46;&#46;<\/p>\n","protected":false},"author":1,"featured_media":7518,"comment_status":"closed","ping_status":"open","sticky":false,"template":"","format":"standard","meta":[],"categories":[10,12],"tags":[],"_links":{"self":[{"href":"https:\/\/www.revistarescatados.com.ar\/web\/wp-json\/wp\/v2\/posts\/7517"}],"collection":[{"href":"https:\/\/www.revistarescatados.com.ar\/web\/wp-json\/wp\/v2\/posts"}],"about":[{"href":"https:\/\/www.revistarescatados.com.ar\/web\/wp-json\/wp\/v2\/types\/post"}],"author":[{"embeddable":true,"href":"https:\/\/www.revistarescatados.com.ar\/web\/wp-json\/wp\/v2\/users\/1"}],"replies":[{"embeddable":true,"href":"https:\/\/www.revistarescatados.com.ar\/web\/wp-json\/wp\/v2\/comments?post=7517"}],"version-history":[{"count":1,"href":"https:\/\/www.revistarescatados.com.ar\/web\/wp-json\/wp\/v2\/posts\/7517\/revisions"}],"predecessor-version":[{"id":7519,"href":"https:\/\/www.revistarescatados.com.ar\/web\/wp-json\/wp\/v2\/posts\/7517\/revisions\/7519"}],"wp:featuredmedia":[{"embeddable":true,"href":"https:\/\/www.revistarescatados.com.ar\/web\/wp-json\/wp\/v2\/media\/7518"}],"wp:attachment":[{"href":"https:\/\/www.revistarescatados.com.ar\/web\/wp-json\/wp\/v2\/media?parent=7517"}],"wp:term":[{"taxonomy":"category","embeddable":true,"href":"https:\/\/www.revistarescatados.com.ar\/web\/wp-json\/wp\/v2\/categories?post=7517"},{"taxonomy":"post_tag","embeddable":true,"href":"https:\/\/www.revistarescatados.com.ar\/web\/wp-json\/wp\/v2\/tags?post=7517"}],"curies":[{"name":"wp","href":"https:\/\/api.w.org\/{rel}","templated":true}]}}