{"id":7520,"date":"2019-12-17T00:23:02","date_gmt":"2019-12-17T03:23:02","guid":{"rendered":"http:\/\/www.revistarescatados.com.ar\/web\/?p=7520"},"modified":"2019-12-17T00:23:02","modified_gmt":"2019-12-17T03:23:02","slug":"calchaqui-ya-tiene-su-propio-instituto-superior-de-profesorado-n-66","status":"publish","type":"post","link":"https:\/\/www.revistarescatados.com.ar\/web\/2019\/12\/17\/calchaqui-ya-tiene-su-propio-instituto-superior-de-profesorado-n-66\/","title":{"rendered":"Calchaqu\u00ed ya tiene su propio Instituto Superior de Profesorado N\u00b0 66"},"content":{"rendered":"<p><img loading=\"lazy\" class=\"aligncenter size-full wp-image-6479\" src=\"http:\/\/www.revistarescatados.com.ar\/web\/wp-content\/uploads\/2019\/09\/ISP-N-4-CALCHAQUI.jpg\" alt=\"\" width=\"1383\" height=\"922\" srcset=\"https:\/\/www.revistarescatados.com.ar\/web\/wp-content\/uploads\/2019\/09\/ISP-N-4-CALCHAQUI.jpg 1383w, https:\/\/www.revistarescatados.com.ar\/web\/wp-content\/uploads\/2019\/09\/ISP-N-4-CALCHAQUI-300x200.jpg 300w, https:\/\/www.revistarescatados.com.ar\/web\/wp-content\/uploads\/2019\/09\/ISP-N-4-CALCHAQUI-768x512.jpg 768w, https:\/\/www.revistarescatados.com.ar\/web\/wp-content\/uploads\/2019\/09\/ISP-N-4-CALCHAQUI-1024x683.jpg 1024w\" sizes=\"(max-width: 1383px) 100vw, 1383px\" \/><\/p>\n<p><span style=\"color: #0000ff;\"><strong>En un comunicado se inform\u00f3 a toda la comunidad , que mediante el decreto 3797\/19 la Direcci\u00f3n Provincial de Educaci\u00f3n Superior &#8220;nos notifica que somos un Instituto Superior de Profesorado independiente. A ra\u00edz de los esfuerzos realizados y de los a\u00f1os transitados esta instituci\u00f3n cuenta ahora con su emancipaci\u00f3n&#8221;, indicaron. <\/strong><\/span><\/p>\n<p>&#8220;Desde ya un agradecimiento infinito a las autoridades que lo hicieron posible, nuestro ex Gdor Miguel Lifschitz, ex Ministra de Educaci\u00f3n Sra. Claudia Balagu\u00e9, nuestra Directora Pcial de Educaci\u00f3n Superior, Prof. Irene L\u00f3pez, Supervisoras Claudia Buenaventura , Silvia Pusseto y la Directora del ISP N\u00b0 4 Prof. Isabel del Castillo&#8221;, agradecieron.<\/p>\n<p>&#8220;Tambi\u00e9n queremos extender un agradecimiento al cuerpo docente, administrativos, asistentes escolares, Centro de Estudiantes, alumnos, familias e instituciones por el acompa\u00f1amiento diario en nuestras actividades institucionales y luchas en mejora de la educaci\u00f3n p\u00fablica, gratuita y de calidad&#8221;, se\u00f1alaron.<\/p>\n<p>&#8220;Ahora comenzaremos a transitar una nueva etapa como el Instituto Superior de Profesorado N\u00b0 66&#8221;, finaliza el comunicado.<\/p>\n","protected":false},"excerpt":{"rendered":"<p>En un comunicado se inform\u00f3 a toda la comunidad , que mediante el decreto 3797\/19 la Direcci\u00f3n Provincial de Educaci\u00f3n Superior &#8220;nos notifica que somos un Instituto Superior de Profesorado independiente. A&#46;&#46;&#46;<\/p>\n","protected":false},"author":1,"featured_media":771,"comment_status":"closed","ping_status":"open","sticky":false,"template":"","format":"standard","meta":[],"categories":[2,3,16,15,10],"tags":[],"_links":{"self":[{"href":"https:\/\/www.revistarescatados.com.ar\/web\/wp-json\/wp\/v2\/posts\/7520"}],"collection":[{"href":"https:\/\/www.revistarescatados.com.ar\/web\/wp-json\/wp\/v2\/posts"}],"about":[{"href":"https:\/\/www.revistarescatados.com.ar\/web\/wp-json\/wp\/v2\/types\/post"}],"author":[{"embeddable":true,"href":"https:\/\/www.revistarescatados.com.ar\/web\/wp-json\/wp\/v2\/users\/1"}],"replies":[{"embeddable":true,"href":"https:\/\/www.revistarescatados.com.ar\/web\/wp-json\/wp\/v2\/comments?post=7520"}],"version-history":[{"count":1,"href":"https:\/\/www.revistarescatados.com.ar\/web\/wp-json\/wp\/v2\/posts\/7520\/revisions"}],"predecessor-version":[{"id":7521,"href":"https:\/\/www.revistarescatados.com.ar\/web\/wp-json\/wp\/v2\/posts\/7520\/revisions\/7521"}],"wp:featuredmedia":[{"embeddable":true,"href":"https:\/\/www.revistarescatados.com.ar\/web\/wp-json\/wp\/v2\/media\/771"}],"wp:attachment":[{"href":"https:\/\/www.revistarescatados.com.ar\/web\/wp-json\/wp\/v2\/media?parent=7520"}],"wp:term":[{"taxonomy":"category","embeddable":true,"href":"https:\/\/www.revistarescatados.com.ar\/web\/wp-json\/wp\/v2\/categories?post=7520"},{"taxonomy":"post_tag","embeddable":true,"href":"https:\/\/www.revistarescatados.com.ar\/web\/wp-json\/wp\/v2\/tags?post=7520"}],"curies":[{"name":"wp","href":"https:\/\/api.w.org\/{rel}","templated":true}]}}