{"id":7529,"date":"2019-12-19T02:34:36","date_gmt":"2019-12-19T05:34:36","guid":{"rendered":"http:\/\/www.revistarescatados.com.ar\/web\/?p=7529"},"modified":"2019-12-19T02:34:36","modified_gmt":"2019-12-19T05:34:36","slug":"campana-de-cuidados-ante-el-sol-del-verano","status":"publish","type":"post","link":"https:\/\/www.revistarescatados.com.ar\/web\/2019\/12\/19\/campana-de-cuidados-ante-el-sol-del-verano\/","title":{"rendered":"Campa\u00f1a de cuidados ante el sol del verano"},"content":{"rendered":"<p><img loading=\"lazy\" class=\"aligncenter size-full wp-image-7530\" src=\"http:\/\/www.revistarescatados.com.ar\/web\/wp-content\/uploads\/2019\/12\/gorras-1.jpg\" alt=\"\" width=\"1106\" height=\"799\" srcset=\"https:\/\/www.revistarescatados.com.ar\/web\/wp-content\/uploads\/2019\/12\/gorras-1.jpg 1106w, https:\/\/www.revistarescatados.com.ar\/web\/wp-content\/uploads\/2019\/12\/gorras-1-300x217.jpg 300w, https:\/\/www.revistarescatados.com.ar\/web\/wp-content\/uploads\/2019\/12\/gorras-1-768x555.jpg 768w, https:\/\/www.revistarescatados.com.ar\/web\/wp-content\/uploads\/2019\/12\/gorras-1-1024x740.jpg 1024w\" sizes=\"(max-width: 1106px) 100vw, 1106px\" \/><\/p>\n<p><span style=\"color: #0000ff;\"><strong>Mutual Belgrano distribuy\u00f3 gorras a los ni\u00f1os de la Colonia Al Agua Pato del Club Belgrano como medida de protecci\u00f3n solar. <\/strong><\/span><\/p>\n<p>Con el comienzo de la Colonia de Vacaciones \u201cAl Agua Pato\u201d del club Belgrano, paralelamente desde Mutual Belgrano y en forma conjunta con la actividad recreativa se present\u00f3 el inicio de una campa\u00f1a que tiene como fin concientizar sobre los cuidaos propios de esta estaci\u00f3n. De esta manera, Mutual Belgrano da inicio y presenta esta propuesta que procura generar conciencia sobre los cuidados, al tiempo de realizar una acci\u00f3n concreta como lo es la distribuci\u00f3n de las mencionadas gorras.<\/p>\n<p><span style=\"color: #0000ff;\"><strong>CUIDADOS:<\/strong><\/span><\/p>\n<p>El efecto natural del sol tiene consecuencias beneficiosas para la salud pero tambi\u00e9n perjudiciales. La exposici\u00f3n al sol sin protecci\u00f3n es un riesgo para la salud. En la piel producir\u00e1 quemaduras, arrugas, entre otros da\u00f1os. La piel sana es una forma de defensa de nuestro cuerpo frente a los rayos del sol, fundamentalmente de las radiaciones ultravioletas. El deterioro de la capa de ozono hace que cada vez sea m\u00e1s peligrosa la radiaci\u00f3n solar. Medidas principales de prevenci\u00f3n: Protecci\u00f3n con sombreros que cubran nariz, p\u00e1rpados y orejas. Ropa ligera que cubra brazos y piernas. Buscar la sombra: evitar la exposici\u00f3n solar entre las 12 del mediod\u00eda y las 5 de la tarde. Los rayos solares se reflejan en el agua y en la arena por lo que debemos protegernos tambi\u00e9n dentro del agua o debajo de una sombrilla.<\/p>\n<p>Prensa Mutual Belgrano<\/p>\n","protected":false},"excerpt":{"rendered":"<p>Mutual Belgrano distribuy\u00f3 gorras a los ni\u00f1os de la Colonia Al Agua Pato del Club Belgrano como medida de protecci\u00f3n solar. Con el comienzo de la Colonia de Vacaciones \u201cAl Agua Pato\u201d&#46;&#46;&#46;<\/p>\n","protected":false},"author":1,"featured_media":7530,"comment_status":"closed","ping_status":"open","sticky":false,"template":"","format":"standard","meta":[],"categories":[4,9,8],"tags":[],"_links":{"self":[{"href":"https:\/\/www.revistarescatados.com.ar\/web\/wp-json\/wp\/v2\/posts\/7529"}],"collection":[{"href":"https:\/\/www.revistarescatados.com.ar\/web\/wp-json\/wp\/v2\/posts"}],"about":[{"href":"https:\/\/www.revistarescatados.com.ar\/web\/wp-json\/wp\/v2\/types\/post"}],"author":[{"embeddable":true,"href":"https:\/\/www.revistarescatados.com.ar\/web\/wp-json\/wp\/v2\/users\/1"}],"replies":[{"embeddable":true,"href":"https:\/\/www.revistarescatados.com.ar\/web\/wp-json\/wp\/v2\/comments?post=7529"}],"version-history":[{"count":1,"href":"https:\/\/www.revistarescatados.com.ar\/web\/wp-json\/wp\/v2\/posts\/7529\/revisions"}],"predecessor-version":[{"id":7531,"href":"https:\/\/www.revistarescatados.com.ar\/web\/wp-json\/wp\/v2\/posts\/7529\/revisions\/7531"}],"wp:featuredmedia":[{"embeddable":true,"href":"https:\/\/www.revistarescatados.com.ar\/web\/wp-json\/wp\/v2\/media\/7530"}],"wp:attachment":[{"href":"https:\/\/www.revistarescatados.com.ar\/web\/wp-json\/wp\/v2\/media?parent=7529"}],"wp:term":[{"taxonomy":"category","embeddable":true,"href":"https:\/\/www.revistarescatados.com.ar\/web\/wp-json\/wp\/v2\/categories?post=7529"},{"taxonomy":"post_tag","embeddable":true,"href":"https:\/\/www.revistarescatados.com.ar\/web\/wp-json\/wp\/v2\/tags?post=7529"}],"curies":[{"name":"wp","href":"https:\/\/api.w.org\/{rel}","templated":true}]}}