{"id":7582,"date":"2019-12-27T13:09:46","date_gmt":"2019-12-27T16:09:46","guid":{"rendered":"http:\/\/www.revistarescatados.com.ar\/web\/?p=7582"},"modified":"2019-12-27T13:10:45","modified_gmt":"2019-12-27T16:10:45","slug":"el-seminarista-luciano-carneiro-fue-instituido-con-el-ministerio-del-lectorado","status":"publish","type":"post","link":"https:\/\/www.revistarescatados.com.ar\/web\/2019\/12\/27\/el-seminarista-luciano-carneiro-fue-instituido-con-el-ministerio-del-lectorado\/","title":{"rendered":"El seminarista Luciano Carneiro fue instituido en el ministerio del lectorado"},"content":{"rendered":"<p>&nbsp;<\/p>\n<p><img loading=\"lazy\" class=\"aligncenter size-full wp-image-7584\" src=\"http:\/\/www.revistarescatados.com.ar\/web\/wp-content\/uploads\/2019\/12\/Luciano-Carneiro.jpg\" alt=\"\" width=\"700\" height=\"716\" srcset=\"https:\/\/www.revistarescatados.com.ar\/web\/wp-content\/uploads\/2019\/12\/Luciano-Carneiro.jpg 700w, https:\/\/www.revistarescatados.com.ar\/web\/wp-content\/uploads\/2019\/12\/Luciano-Carneiro-293x300.jpg 293w\" sizes=\"(max-width: 700px) 100vw, 700px\" \/><\/p>\n<p><span style=\"color: #0000ff;\"><strong>En Arroyo Ceibal fue instituido lector el seminarista oriundo de Calchaqu\u00ed, quien est\u00e1 comenzando el sexto a\u00f1o de formaci\u00f3n inicial en el Seminario \u00abLa Encarnaci\u00f3n\u00bb.<\/strong><\/span><\/p>\n<p>El pasado domingo 22 de diciembre y en el marco de la misi\u00f3n vocacional que se est\u00e1 llevando a cabo en la Capilla Mar\u00eda Goretti de Arroyo Ceibal, fue instituido lector el seminarista Luciano Carneiro, originario de Calchaqu\u00ed, quien est\u00e1 comenzando el sexto a\u00f1o de formaci\u00f3n inicial en el Seminario \u00abLa Encarnaci\u00f3n\u00bb.<\/p>\n<p>La celebraci\u00f3n fue presidida por Mons. \u00c1ngel Jos\u00e9 Mac\u00edn, quien adem\u00e1s administr\u00f3 el sacramento de la Confirmaci\u00f3n. \u201cRezamos por Luciano y por su fidelidad al Se\u00f1or\u201d, destac\u00f3 en un comunicado el Obispado de Recoquista.<\/p>\n<p><span style=\"color: #0000ff;\"><strong>Ministerio del lectorado<\/strong><\/span><\/p>\n<p>El lector es instituido para proclamar las lecturas de la Sagrada Escritura, excepto el Evangelio. Puede tambi\u00e9n proponer las intenciones de la oraci\u00f3n universal, y, en ausencia del salmista, proclamar el salmo responsorial.<\/p>\n<p>Los ministerios particulares son oficios instituidos por la Iglesia y conferidos por ella, mediante un rito lit\u00fargico que conlleva una bendici\u00f3n del Obispo, para ejercerlos en nombre de la Iglesia.<\/p>\n","protected":false},"excerpt":{"rendered":"<p>&nbsp; En Arroyo Ceibal fue instituido lector el seminarista oriundo de Calchaqu\u00ed, quien est\u00e1 comenzando el sexto a\u00f1o de formaci\u00f3n inicial en el Seminario \u00abLa Encarnaci\u00f3n\u00bb. El pasado domingo 22 de diciembre&#46;&#46;&#46;<\/p>\n","protected":false},"author":1,"featured_media":7584,"comment_status":"closed","ping_status":"open","sticky":false,"template":"","format":"standard","meta":[],"categories":[2,3,8],"tags":[],"_links":{"self":[{"href":"https:\/\/www.revistarescatados.com.ar\/web\/wp-json\/wp\/v2\/posts\/7582"}],"collection":[{"href":"https:\/\/www.revistarescatados.com.ar\/web\/wp-json\/wp\/v2\/posts"}],"about":[{"href":"https:\/\/www.revistarescatados.com.ar\/web\/wp-json\/wp\/v2\/types\/post"}],"author":[{"embeddable":true,"href":"https:\/\/www.revistarescatados.com.ar\/web\/wp-json\/wp\/v2\/users\/1"}],"replies":[{"embeddable":true,"href":"https:\/\/www.revistarescatados.com.ar\/web\/wp-json\/wp\/v2\/comments?post=7582"}],"version-history":[{"count":2,"href":"https:\/\/www.revistarescatados.com.ar\/web\/wp-json\/wp\/v2\/posts\/7582\/revisions"}],"predecessor-version":[{"id":7586,"href":"https:\/\/www.revistarescatados.com.ar\/web\/wp-json\/wp\/v2\/posts\/7582\/revisions\/7586"}],"wp:featuredmedia":[{"embeddable":true,"href":"https:\/\/www.revistarescatados.com.ar\/web\/wp-json\/wp\/v2\/media\/7584"}],"wp:attachment":[{"href":"https:\/\/www.revistarescatados.com.ar\/web\/wp-json\/wp\/v2\/media?parent=7582"}],"wp:term":[{"taxonomy":"category","embeddable":true,"href":"https:\/\/www.revistarescatados.com.ar\/web\/wp-json\/wp\/v2\/categories?post=7582"},{"taxonomy":"post_tag","embeddable":true,"href":"https:\/\/www.revistarescatados.com.ar\/web\/wp-json\/wp\/v2\/tags?post=7582"}],"curies":[{"name":"wp","href":"https:\/\/api.w.org\/{rel}","templated":true}]}}