{"id":7596,"date":"2019-12-30T13:29:40","date_gmt":"2019-12-30T16:29:40","guid":{"rendered":"http:\/\/www.revistarescatados.com.ar\/web\/?p=7596"},"modified":"2019-12-30T13:29:40","modified_gmt":"2019-12-30T16:29:40","slug":"reempadronan-a-beneficiarios-de-la-tarjeta-unica-de-ciudadania-en-calchaqui","status":"publish","type":"post","link":"https:\/\/www.revistarescatados.com.ar\/web\/2019\/12\/30\/reempadronan-a-beneficiarios-de-la-tarjeta-unica-de-ciudadania-en-calchaqui\/","title":{"rendered":"Reempadronan a beneficiarios de la Tarjeta \u00fanica de ciudadan\u00eda en Calchaqu\u00ed"},"content":{"rendered":"<p><img loading=\"lazy\" class=\"aligncenter size-full wp-image-898\" src=\"http:\/\/www.revistarescatados.com.ar\/web\/wp-content\/uploads\/2018\/06\/NUEVA-Tarjeta-\u00danica-de-Ciudadan\u00eda-2016.jpeg\" alt=\"\" width=\"1920\" height=\"1080\" srcset=\"https:\/\/www.revistarescatados.com.ar\/web\/wp-content\/uploads\/2018\/06\/NUEVA-Tarjeta-\u00danica-de-Ciudadan\u00eda-2016.jpeg 1920w, https:\/\/www.revistarescatados.com.ar\/web\/wp-content\/uploads\/2018\/06\/NUEVA-Tarjeta-\u00danica-de-Ciudadan\u00eda-2016-300x169.jpeg 300w, https:\/\/www.revistarescatados.com.ar\/web\/wp-content\/uploads\/2018\/06\/NUEVA-Tarjeta-\u00danica-de-Ciudadan\u00eda-2016-768x432.jpeg 768w, https:\/\/www.revistarescatados.com.ar\/web\/wp-content\/uploads\/2018\/06\/NUEVA-Tarjeta-\u00danica-de-Ciudadan\u00eda-2016-1024x576.jpeg 1024w\" sizes=\"(max-width: 1920px) 100vw, 1920px\" \/><\/p>\n<p><span style=\"color: #0000ff;\"><strong>El operativo se realiza en las oficinas de las Udes, desde el jueves 2 de enero, de acuerdo a un cronograma abarcativo de todos los barrios en el horario de 8 a 12 horas. La \u00faltima reuni\u00f3n ser\u00e1 el 15 de enero en la secretar\u00eda de desarrollo social en R. S.Pe\u00f1a y 25 de Mayo.<\/strong><\/span><\/p>\n<p><img loading=\"lazy\" class=\"aligncenter size-full wp-image-7597\" src=\"http:\/\/www.revistarescatados.com.ar\/web\/wp-content\/uploads\/2019\/12\/Comunicado.jpg\" alt=\"\" width=\"960\" height=\"960\" srcset=\"https:\/\/www.revistarescatados.com.ar\/web\/wp-content\/uploads\/2019\/12\/Comunicado.jpg 960w, https:\/\/www.revistarescatados.com.ar\/web\/wp-content\/uploads\/2019\/12\/Comunicado-150x150.jpg 150w, https:\/\/www.revistarescatados.com.ar\/web\/wp-content\/uploads\/2019\/12\/Comunicado-300x300.jpg 300w, https:\/\/www.revistarescatados.com.ar\/web\/wp-content\/uploads\/2019\/12\/Comunicado-768x768.jpg 768w, https:\/\/www.revistarescatados.com.ar\/web\/wp-content\/uploads\/2019\/12\/Comunicado-160x160.jpg 160w, https:\/\/www.revistarescatados.com.ar\/web\/wp-content\/uploads\/2019\/12\/Comunicado-320x320.jpg 320w\" sizes=\"(max-width: 960px) 100vw, 960px\" \/><\/p>\n","protected":false},"excerpt":{"rendered":"<p>El operativo se realiza en las oficinas de las Udes, desde el jueves 2 de enero, de acuerdo a un cronograma abarcativo de todos los barrios en el horario de 8 a&#46;&#46;&#46;<\/p>\n","protected":false},"author":1,"featured_media":898,"comment_status":"closed","ping_status":"open","sticky":false,"template":"","format":"standard","meta":[],"categories":[2,3,8],"tags":[],"_links":{"self":[{"href":"https:\/\/www.revistarescatados.com.ar\/web\/wp-json\/wp\/v2\/posts\/7596"}],"collection":[{"href":"https:\/\/www.revistarescatados.com.ar\/web\/wp-json\/wp\/v2\/posts"}],"about":[{"href":"https:\/\/www.revistarescatados.com.ar\/web\/wp-json\/wp\/v2\/types\/post"}],"author":[{"embeddable":true,"href":"https:\/\/www.revistarescatados.com.ar\/web\/wp-json\/wp\/v2\/users\/1"}],"replies":[{"embeddable":true,"href":"https:\/\/www.revistarescatados.com.ar\/web\/wp-json\/wp\/v2\/comments?post=7596"}],"version-history":[{"count":1,"href":"https:\/\/www.revistarescatados.com.ar\/web\/wp-json\/wp\/v2\/posts\/7596\/revisions"}],"predecessor-version":[{"id":7598,"href":"https:\/\/www.revistarescatados.com.ar\/web\/wp-json\/wp\/v2\/posts\/7596\/revisions\/7598"}],"wp:featuredmedia":[{"embeddable":true,"href":"https:\/\/www.revistarescatados.com.ar\/web\/wp-json\/wp\/v2\/media\/898"}],"wp:attachment":[{"href":"https:\/\/www.revistarescatados.com.ar\/web\/wp-json\/wp\/v2\/media?parent=7596"}],"wp:term":[{"taxonomy":"category","embeddable":true,"href":"https:\/\/www.revistarescatados.com.ar\/web\/wp-json\/wp\/v2\/categories?post=7596"},{"taxonomy":"post_tag","embeddable":true,"href":"https:\/\/www.revistarescatados.com.ar\/web\/wp-json\/wp\/v2\/tags?post=7596"}],"curies":[{"name":"wp","href":"https:\/\/api.w.org\/{rel}","templated":true}]}}