{"id":7614,"date":"2019-12-31T14:03:13","date_gmt":"2019-12-31T17:03:13","guid":{"rendered":"http:\/\/www.revistarescatados.com.ar\/web\/?p=7614"},"modified":"2019-12-31T14:03:13","modified_gmt":"2019-12-31T17:03:13","slug":"ate-gestiona-para-que-se-anticipe-el-cronograma-de-pago-de-haberes-de-los-ultimos-tramos","status":"publish","type":"post","link":"https:\/\/www.revistarescatados.com.ar\/web\/2019\/12\/31\/ate-gestiona-para-que-se-anticipe-el-cronograma-de-pago-de-haberes-de-los-ultimos-tramos\/","title":{"rendered":"ATE gestiona para que se anticipe el cronograma de pago de haberes de los \u00faltimos tramos"},"content":{"rendered":"<p><img loading=\"lazy\" class=\"aligncenter size-full wp-image-7190\" src=\"http:\/\/www.revistarescatados.com.ar\/web\/wp-content\/uploads\/2019\/11\/protesta-de-ATE.jpg\" alt=\"\" width=\"800\" height=\"600\" srcset=\"https:\/\/www.revistarescatados.com.ar\/web\/wp-content\/uploads\/2019\/11\/protesta-de-ATE.jpg 800w, https:\/\/www.revistarescatados.com.ar\/web\/wp-content\/uploads\/2019\/11\/protesta-de-ATE-300x225.jpg 300w, https:\/\/www.revistarescatados.com.ar\/web\/wp-content\/uploads\/2019\/11\/protesta-de-ATE-768x576.jpg 768w\" sizes=\"(max-width: 800px) 100vw, 800px\" \/><br \/>\n<span style=\"color: #0000ff;\"><strong>Representantes del Consejo Directivo Provincial de ATE han mantenido contacto con las m\u00e1ximas autoridades del Poder Ejecutivo de la Provincia y solicitaron se adelanten los \u00faltimos turnos establecidos.<\/strong><\/span><\/p>\n<p>Las autoridades mencionadas manifestaron que es decisi\u00f3n del Gobernador destinar todos los recursos econ\u00f3micos que dispone la Provincia al pago de haberes, d\u00e1ndole prioridad por sobre otras obligaciones contractuales o de pago a terceros. Del mismo modo informaron que se evitar\u00e1 todo tipo de mora o pago de intereses relacionado a impuestos y\/o servicios provinciales y se har\u00e1n gestiones para la reprogramaci\u00f3n de los vencimientos bancarios<\/p>\n<p>ATE sostiene que en una medida de excepci\u00f3n como esta es aceptable se le d\u00e9 prioridad a los trabajadores de menores ingresos, esto en referencia al criterio establecido en el cronograma anunciado. Igualmente, el Gobierno debe garantizar que todos los trabajadores cobren su salario en tiempo y forma. En este sentido, ATE solicit\u00f3 se adelanten los \u00faltimos turnos establecidos.<\/p>\n<p>A los efectos de poner en claro las razones que llevaron al Gobierno Provincial a fijar el cronograma de pago tan extenso en el tiempo, se le solicit\u00f3 informe el estado de las cuenta p\u00fablicas que dej\u00f3 la anterior gesti\u00f3n y que ha llevado a esta grave situaci\u00f3n financiera que impide afrontar el pago de los sueldos tal como aspiramos a que lo haga.<\/p>\n<p>Finalmente, ATE informa que se ha respetado el acuerdo salarial vigente y se liquidaron los sueldos con la aplicaci\u00f3n de la cl\u00e1usula gatillo correspondiente.<\/p>\n","protected":false},"excerpt":{"rendered":"<p>Representantes del Consejo Directivo Provincial de ATE han mantenido contacto con las m\u00e1ximas autoridades del Poder Ejecutivo de la Provincia y solicitaron se adelanten los \u00faltimos turnos establecidos. Las autoridades mencionadas manifestaron&#46;&#46;&#46;<\/p>\n","protected":false},"author":1,"featured_media":7190,"comment_status":"closed","ping_status":"open","sticky":false,"template":"","format":"standard","meta":[],"categories":[10,12,8],"tags":[],"_links":{"self":[{"href":"https:\/\/www.revistarescatados.com.ar\/web\/wp-json\/wp\/v2\/posts\/7614"}],"collection":[{"href":"https:\/\/www.revistarescatados.com.ar\/web\/wp-json\/wp\/v2\/posts"}],"about":[{"href":"https:\/\/www.revistarescatados.com.ar\/web\/wp-json\/wp\/v2\/types\/post"}],"author":[{"embeddable":true,"href":"https:\/\/www.revistarescatados.com.ar\/web\/wp-json\/wp\/v2\/users\/1"}],"replies":[{"embeddable":true,"href":"https:\/\/www.revistarescatados.com.ar\/web\/wp-json\/wp\/v2\/comments?post=7614"}],"version-history":[{"count":1,"href":"https:\/\/www.revistarescatados.com.ar\/web\/wp-json\/wp\/v2\/posts\/7614\/revisions"}],"predecessor-version":[{"id":7615,"href":"https:\/\/www.revistarescatados.com.ar\/web\/wp-json\/wp\/v2\/posts\/7614\/revisions\/7615"}],"wp:featuredmedia":[{"embeddable":true,"href":"https:\/\/www.revistarescatados.com.ar\/web\/wp-json\/wp\/v2\/media\/7190"}],"wp:attachment":[{"href":"https:\/\/www.revistarescatados.com.ar\/web\/wp-json\/wp\/v2\/media?parent=7614"}],"wp:term":[{"taxonomy":"category","embeddable":true,"href":"https:\/\/www.revistarescatados.com.ar\/web\/wp-json\/wp\/v2\/categories?post=7614"},{"taxonomy":"post_tag","embeddable":true,"href":"https:\/\/www.revistarescatados.com.ar\/web\/wp-json\/wp\/v2\/tags?post=7614"}],"curies":[{"name":"wp","href":"https:\/\/api.w.org\/{rel}","templated":true}]}}