{"id":7616,"date":"2019-12-31T15:14:54","date_gmt":"2019-12-31T18:14:54","guid":{"rendered":"http:\/\/www.revistarescatados.com.ar\/web\/?p=7616"},"modified":"2019-12-31T15:15:12","modified_gmt":"2019-12-31T18:15:12","slug":"el-presidente-comunal-de-la-gallareta-donara-parte-de-su-sueldo-a-un-comedor-nocturno","status":"publish","type":"post","link":"https:\/\/www.revistarescatados.com.ar\/web\/2019\/12\/31\/el-presidente-comunal-de-la-gallareta-donara-parte-de-su-sueldo-a-un-comedor-nocturno\/","title":{"rendered":"El presidente comunal de La Gallareta donar\u00e1 parte de su sueldo a un comedor comunitario nocturno"},"content":{"rendered":"<p><img loading=\"lazy\" class=\"aligncenter size-full wp-image-7617\" src=\"http:\/\/www.revistarescatados.com.ar\/web\/wp-content\/uploads\/2019\/12\/Fernando-Nicola.jpg\" alt=\"\" width=\"719\" height=\"723\" srcset=\"https:\/\/www.revistarescatados.com.ar\/web\/wp-content\/uploads\/2019\/12\/Fernando-Nicola.jpg 719w, https:\/\/www.revistarescatados.com.ar\/web\/wp-content\/uploads\/2019\/12\/Fernando-Nicola-150x150.jpg 150w, https:\/\/www.revistarescatados.com.ar\/web\/wp-content\/uploads\/2019\/12\/Fernando-Nicola-298x300.jpg 298w, https:\/\/www.revistarescatados.com.ar\/web\/wp-content\/uploads\/2019\/12\/Fernando-Nicola-160x160.jpg 160w\" sizes=\"(max-width: 719px) 100vw, 719px\" \/><\/p>\n<p><span style=\"color: #0000ff;\"><strong>El presidente de Comuna de La Gallareta, Fernando Nicola, en reuni\u00f3n de Comisi\u00f3n Comunal dio a conocer e hizo asentar en acta, la decisi\u00f3n de congelamiento de sus ingresos correspondientes a su sueldo como autoridad comunal.<\/strong><\/span><\/p>\n<p>Consultado el presidente comunal al respecto, manifest\u00f3: \u201cla situaci\u00f3n por la que atravesamos en el pa\u00eds es muy delicada. La crisis nos golpea a todos, esta decisi\u00f3n de congelar mis ingresos corresponde a que la actualizaci\u00f3n de mis haberes ser\u00e1 distribuida para otras necesidades.<\/p>\n<p>No es la \u00fanica decisi\u00f3n que tom\u00e9 de estas caracter\u00edsticas. Voy a hacerme cargo con mis ingresos del 65% de los gastos del comedor nocturno Jorge Muss\u00edn. Cuando asum\u00ed el nuevo mandato, fui claro al respecto, este gobierno se iba a ocupar, en principio, de los sectores m\u00e1s vulnerables y lo har\u00e9 con decisiones pol\u00edticas de gobierno y con decisiones personales como estas.<\/p>\n<p>Es imposible pensar en una transformaci\u00f3n aut\u00e9ntica de nuestra comunidad sin empat\u00eda y solidaridad, para eso hay que dar el ejemplo\u201d.<\/p>\n","protected":false},"excerpt":{"rendered":"<p>El presidente de Comuna de La Gallareta, Fernando Nicola, en reuni\u00f3n de Comisi\u00f3n Comunal dio a conocer e hizo asentar en acta, la decisi\u00f3n de congelamiento de sus ingresos correspondientes a su&#46;&#46;&#46;<\/p>\n","protected":false},"author":1,"featured_media":7617,"comment_status":"closed","ping_status":"open","sticky":false,"template":"","format":"standard","meta":[],"categories":[3,13,8],"tags":[],"_links":{"self":[{"href":"https:\/\/www.revistarescatados.com.ar\/web\/wp-json\/wp\/v2\/posts\/7616"}],"collection":[{"href":"https:\/\/www.revistarescatados.com.ar\/web\/wp-json\/wp\/v2\/posts"}],"about":[{"href":"https:\/\/www.revistarescatados.com.ar\/web\/wp-json\/wp\/v2\/types\/post"}],"author":[{"embeddable":true,"href":"https:\/\/www.revistarescatados.com.ar\/web\/wp-json\/wp\/v2\/users\/1"}],"replies":[{"embeddable":true,"href":"https:\/\/www.revistarescatados.com.ar\/web\/wp-json\/wp\/v2\/comments?post=7616"}],"version-history":[{"count":2,"href":"https:\/\/www.revistarescatados.com.ar\/web\/wp-json\/wp\/v2\/posts\/7616\/revisions"}],"predecessor-version":[{"id":7619,"href":"https:\/\/www.revistarescatados.com.ar\/web\/wp-json\/wp\/v2\/posts\/7616\/revisions\/7619"}],"wp:featuredmedia":[{"embeddable":true,"href":"https:\/\/www.revistarescatados.com.ar\/web\/wp-json\/wp\/v2\/media\/7617"}],"wp:attachment":[{"href":"https:\/\/www.revistarescatados.com.ar\/web\/wp-json\/wp\/v2\/media?parent=7616"}],"wp:term":[{"taxonomy":"category","embeddable":true,"href":"https:\/\/www.revistarescatados.com.ar\/web\/wp-json\/wp\/v2\/categories?post=7616"},{"taxonomy":"post_tag","embeddable":true,"href":"https:\/\/www.revistarescatados.com.ar\/web\/wp-json\/wp\/v2\/tags?post=7616"}],"curies":[{"name":"wp","href":"https:\/\/api.w.org\/{rel}","templated":true}]}}