{"id":7729,"date":"2020-01-10T23:44:16","date_gmt":"2020-01-11T02:44:16","guid":{"rendered":"http:\/\/www.revistarescatados.com.ar\/web\/?p=7729"},"modified":"2020-01-10T23:44:16","modified_gmt":"2020-01-11T02:44:16","slug":"repintaron-la-fachada-del-cuartel-de-bomberos-en-calchaqui","status":"publish","type":"post","link":"https:\/\/www.revistarescatados.com.ar\/web\/2020\/01\/10\/repintaron-la-fachada-del-cuartel-de-bomberos-en-calchaqui\/","title":{"rendered":"Repintaron la fachada del cuartel de bomberos en Calchaqu\u00ed"},"content":{"rendered":"<p><img loading=\"lazy\" class=\"aligncenter size-full wp-image-7730\" src=\"http:\/\/www.revistarescatados.com.ar\/web\/wp-content\/uploads\/2020\/01\/Cuartel.jpg\" alt=\"\" width=\"960\" height=\"463\" srcset=\"https:\/\/www.revistarescatados.com.ar\/web\/wp-content\/uploads\/2020\/01\/Cuartel.jpg 960w, https:\/\/www.revistarescatados.com.ar\/web\/wp-content\/uploads\/2020\/01\/Cuartel-300x145.jpg 300w, https:\/\/www.revistarescatados.com.ar\/web\/wp-content\/uploads\/2020\/01\/Cuartel-768x370.jpg 768w\" sizes=\"(max-width: 960px) 100vw, 960px\" \/><\/p>\n<p><span style=\"color: #0000ff;\"><strong>Esta semana el cuartel N\u00ba 101 de la Asociaci\u00f3n de Bomberos Voluntarios luce totalmente remozado. La instituci\u00f3n cumple a mediados de este a\u00f1o su 20\u00ba aniversario de creaci\u00f3n.<\/strong><\/span><\/p>\n<p>La asociaci\u00f3n bomberil fue creada el 24 de julio del a\u00f1o 2000; siendo su primer presidente don Roberto Gioja. A lo largo de estas casi dos d\u00e9cadas de vida, ha ido creciendo como pocas instituciones de la ciudad. Un equipo humano altamente capacitado, con una creciente dotaci\u00f3n de unidades y equipamientos, en un edificio al servicio de toda la comunidad.<\/p>\n<p>Esta primera semana del a\u00f1o, la fachada del cuartel fue totalmente renovada, con su caracter\u00edstico color rojo. Adem\u00e1s se pint\u00f3 el m\u00e1stil mayor que enarbola el pabell\u00f3n nacional en su frente.<\/p>\n<p>El trabajo fue realizado por \u00a0el pintor Emanuel Soria y su gente, a quien agradeci\u00f3 la suboficial Carina Simbron, como tambi\u00e9n \u00a0al Bombero Nemesio \u00a0Videla \u201cque siempre est\u00e1 predispuesto cuando se lo requiere\u201d.<\/p>\n<p>Bomberos, una de las Instituciones de Calchaqu\u00ed que m\u00e1s creci\u00f3 en estos \u00faltimos a\u00f1os hoy tiene un equipamiento y personal que nada tiene que envidiar a grandes ciudades. Adelante.-<\/p>\n","protected":false},"excerpt":{"rendered":"<p>Esta semana el cuartel N\u00ba 101 de la Asociaci\u00f3n de Bomberos Voluntarios luce totalmente remozado. La instituci\u00f3n cumple a mediados de este a\u00f1o su 20\u00ba aniversario de creaci\u00f3n. La asociaci\u00f3n bomberil fue&#46;&#46;&#46;<\/p>\n","protected":false},"author":1,"featured_media":7730,"comment_status":"closed","ping_status":"open","sticky":false,"template":"","format":"standard","meta":[],"categories":[2,3,10],"tags":[],"_links":{"self":[{"href":"https:\/\/www.revistarescatados.com.ar\/web\/wp-json\/wp\/v2\/posts\/7729"}],"collection":[{"href":"https:\/\/www.revistarescatados.com.ar\/web\/wp-json\/wp\/v2\/posts"}],"about":[{"href":"https:\/\/www.revistarescatados.com.ar\/web\/wp-json\/wp\/v2\/types\/post"}],"author":[{"embeddable":true,"href":"https:\/\/www.revistarescatados.com.ar\/web\/wp-json\/wp\/v2\/users\/1"}],"replies":[{"embeddable":true,"href":"https:\/\/www.revistarescatados.com.ar\/web\/wp-json\/wp\/v2\/comments?post=7729"}],"version-history":[{"count":1,"href":"https:\/\/www.revistarescatados.com.ar\/web\/wp-json\/wp\/v2\/posts\/7729\/revisions"}],"predecessor-version":[{"id":7731,"href":"https:\/\/www.revistarescatados.com.ar\/web\/wp-json\/wp\/v2\/posts\/7729\/revisions\/7731"}],"wp:featuredmedia":[{"embeddable":true,"href":"https:\/\/www.revistarescatados.com.ar\/web\/wp-json\/wp\/v2\/media\/7730"}],"wp:attachment":[{"href":"https:\/\/www.revistarescatados.com.ar\/web\/wp-json\/wp\/v2\/media?parent=7729"}],"wp:term":[{"taxonomy":"category","embeddable":true,"href":"https:\/\/www.revistarescatados.com.ar\/web\/wp-json\/wp\/v2\/categories?post=7729"},{"taxonomy":"post_tag","embeddable":true,"href":"https:\/\/www.revistarescatados.com.ar\/web\/wp-json\/wp\/v2\/tags?post=7729"}],"curies":[{"name":"wp","href":"https:\/\/api.w.org\/{rel}","templated":true}]}}