{"id":7732,"date":"2020-01-11T00:17:02","date_gmt":"2020-01-11T03:17:02","guid":{"rendered":"http:\/\/www.revistarescatados.com.ar\/web\/?p=7732"},"modified":"2020-01-11T00:39:03","modified_gmt":"2020-01-11T03:39:03","slug":"a-47-anos-del-tornado-en-san-justo-proyectaron-voragine-dirigido-por-un-calchaquisero","status":"publish","type":"post","link":"https:\/\/www.revistarescatados.com.ar\/web\/2020\/01\/11\/a-47-anos-del-tornado-en-san-justo-proyectaron-voragine-dirigido-por-un-calchaquisero\/","title":{"rendered":"A 47 a\u00f1os del tornado en San Justo, proyectaron \u201cVor\u00e1gine\u201d dirigido por un calchaquisero"},"content":{"rendered":"<p><img loading=\"lazy\" class=\"aligncenter wp-image-7733\" src=\"http:\/\/www.revistarescatados.com.ar\/web\/wp-content\/uploads\/2020\/01\/Fer-Molinas.jpg\" alt=\"\" width=\"701\" height=\"365\" srcset=\"https:\/\/www.revistarescatados.com.ar\/web\/wp-content\/uploads\/2020\/01\/Fer-Molinas.jpg 540w, https:\/\/www.revistarescatados.com.ar\/web\/wp-content\/uploads\/2020\/01\/Fer-Molinas-300x156.jpg 300w\" sizes=\"(max-width: 701px) 100vw, 701px\" \/><\/p>\n<p><span style=\"color: #0000ff;\"><strong>Fernando Molinas es el director del cortometraje documental digital que trata sobre el Tornado de San Justo ocurrido el 10 de Enero de 1973. La producci\u00f3n audiovisual se proyecto en la noche del viernes en la Casa de la Cultura.<\/strong><\/span><\/p>\n<p>47 a\u00f1os despu\u00e9s, el argumento recoge de manera cronol\u00f3gica las dolorosas an\u00e9cdotas de 4 mujeres: Liliana, Marta, Esther y Myriam. Desde tenerlo todo hasta tener nada, 7 minutos de un fen\u00f3meno meteorol\u00f3gico cuya historia sacudi\u00f3 a toda la Argentina. Mientras los habitantes descansaban en una siesta de intenso calor, un tornado f5 en Escala Fujita arras\u00f3 la Avenida principal de la localidad.<\/p>\n<div class=\"video-container\"><iframe loading=\"lazy\" width=\"500\" height=\"281\" src=\"https:\/\/www.youtube.com\/embed\/v9kdIDHSCNE?feature=oembed&#038;wmode=opaque\" frameborder=\"0\" allow=\"accelerometer; autoplay; encrypted-media; gyroscope; picture-in-picture\" allowfullscreen><\/iframe><\/div>\n<p>\u201cCuando escuchamos los testimonios nos quedamos en silencio. No pod\u00edamos creer la dimensi\u00f3n que el Tornado hab\u00eda tenido para nuestro pa\u00eds, Latinoam\u00e9rica y el mundo. Recorrimos San Justo de punta a punta en b\u00fasqueda de familiares de v\u00edctimas y personas que hayan estado presente, encontr\u00e1ndonos en el camino con planteos muy filos\u00f3ficos y profundos\u201d, reza una carta abierta publicada este viernes.<\/p>\n<p>Una vecina nos dijo: \u201cQuiero olvidarme de lo que pas\u00f3, me duele todav\u00eda\u201d. Tras una breve pausa, esa mujer piensa y retoma la palabra diciendo \u201cPero aun as\u00ed, quiero recordarlo todo para mantener la memoria viva. No para m\u00ed, yo s\u00e9 lo que pas\u00f3\u2026 para mis nietos que todav\u00eda no tienen idea\u201d.<\/p>\n<p>\u201cVor\u00e1gine surgi\u00f3 entonces como lenguaje a partir de un intento consciente de llegar a todas las personas del mundo, pero sobre todo a los m\u00e1s j\u00f3venes. Lo que al principio eran im\u00e1genes difusas, se fueron convirtiendo en retratos n\u00edtidos de una sociedad que padeci\u00f3 p\u00e9rdidas muy dolorosas\u201d, a\u00f1ade el equipo.<\/p>\n<p><img loading=\"lazy\" class=\"aligncenter size-full wp-image-7734\" src=\"http:\/\/www.revistarescatados.com.ar\/web\/wp-content\/uploads\/2020\/01\/Fer-Molinas-1.jpg\" alt=\"\" width=\"960\" height=\"541\" srcset=\"https:\/\/www.revistarescatados.com.ar\/web\/wp-content\/uploads\/2020\/01\/Fer-Molinas-1.jpg 960w, https:\/\/www.revistarescatados.com.ar\/web\/wp-content\/uploads\/2020\/01\/Fer-Molinas-1-300x169.jpg 300w, https:\/\/www.revistarescatados.com.ar\/web\/wp-content\/uploads\/2020\/01\/Fer-Molinas-1-768x433.jpg 768w\" sizes=\"(max-width: 960px) 100vw, 960px\" \/><\/p>\n<p>\u201cVor\u00e1gine no es &lt;&lt;nuestro&gt;&gt; cortometraje, pertenece a la comunidad de San Justo y confiamos en que ustedes har\u00e1n lo posible para mantener la memoria durante las siguientes generaciones. Agradecemos la ayuda activa de las siguientes personas e instituciones, sin ellos el cortometraje no se podr\u00eda haber realizado\u201d, se\u00f1alan.<\/p>\n<p>As\u00ed agradecen a: Liliana y Marta Sacco, Esther Grosso, Miryam Equi, Carlos Chazzarretta, Carlos Blesa, Chino Pablo Gomez, Edgardo Molinas, Joaqu\u00edn Vispe, Diego Lenarduzzi, Roberto Lato Dodorico, Rodrigo Borla, Alberto Carnero, Padre Antonio Ferigutti, Marcelo Mauro, Familia Calace Mont\u00fa, Municipalidad de San Justo y la Secretar\u00eda de Cultura del Gobierno de la Ciudad.<\/p>\n","protected":false},"excerpt":{"rendered":"<p>Fernando Molinas es el director del cortometraje documental digital que trata sobre el Tornado de San Justo ocurrido el 10 de Enero de 1973. La producci\u00f3n audiovisual se proyecto en la noche&#46;&#46;&#46;<\/p>\n","protected":false},"author":1,"featured_media":7733,"comment_status":"closed","ping_status":"open","sticky":false,"template":"","format":"standard","meta":[],"categories":[2,7,4,8],"tags":[],"_links":{"self":[{"href":"https:\/\/www.revistarescatados.com.ar\/web\/wp-json\/wp\/v2\/posts\/7732"}],"collection":[{"href":"https:\/\/www.revistarescatados.com.ar\/web\/wp-json\/wp\/v2\/posts"}],"about":[{"href":"https:\/\/www.revistarescatados.com.ar\/web\/wp-json\/wp\/v2\/types\/post"}],"author":[{"embeddable":true,"href":"https:\/\/www.revistarescatados.com.ar\/web\/wp-json\/wp\/v2\/users\/1"}],"replies":[{"embeddable":true,"href":"https:\/\/www.revistarescatados.com.ar\/web\/wp-json\/wp\/v2\/comments?post=7732"}],"version-history":[{"count":1,"href":"https:\/\/www.revistarescatados.com.ar\/web\/wp-json\/wp\/v2\/posts\/7732\/revisions"}],"predecessor-version":[{"id":7735,"href":"https:\/\/www.revistarescatados.com.ar\/web\/wp-json\/wp\/v2\/posts\/7732\/revisions\/7735"}],"wp:featuredmedia":[{"embeddable":true,"href":"https:\/\/www.revistarescatados.com.ar\/web\/wp-json\/wp\/v2\/media\/7733"}],"wp:attachment":[{"href":"https:\/\/www.revistarescatados.com.ar\/web\/wp-json\/wp\/v2\/media?parent=7732"}],"wp:term":[{"taxonomy":"category","embeddable":true,"href":"https:\/\/www.revistarescatados.com.ar\/web\/wp-json\/wp\/v2\/categories?post=7732"},{"taxonomy":"post_tag","embeddable":true,"href":"https:\/\/www.revistarescatados.com.ar\/web\/wp-json\/wp\/v2\/tags?post=7732"}],"curies":[{"name":"wp","href":"https:\/\/api.w.org\/{rel}","templated":true}]}}