{"id":7748,"date":"2020-01-14T00:42:15","date_gmt":"2020-01-14T03:42:15","guid":{"rendered":"http:\/\/www.revistarescatados.com.ar\/web\/?p=7748"},"modified":"2020-01-14T01:31:14","modified_gmt":"2020-01-14T04:31:14","slug":"algo-huele-mal-en-los-contenedores","status":"publish","type":"post","link":"https:\/\/www.revistarescatados.com.ar\/web\/2020\/01\/14\/algo-huele-mal-en-los-contenedores\/","title":{"rendered":"\u00bfAlgo huele mal en los contenedores?"},"content":{"rendered":"<p><img loading=\"lazy\" class=\"aligncenter size-full wp-image-7749\" src=\"http:\/\/www.revistarescatados.com.ar\/web\/wp-content\/uploads\/2020\/01\/contenedor.jpg\" alt=\"\" width=\"720\" height=\"486\" srcset=\"https:\/\/www.revistarescatados.com.ar\/web\/wp-content\/uploads\/2020\/01\/contenedor.jpg 720w, https:\/\/www.revistarescatados.com.ar\/web\/wp-content\/uploads\/2020\/01\/contenedor-300x203.jpg 300w\" sizes=\"(max-width: 720px) 100vw, 720px\" \/><\/p>\n<p><span style=\"color: #0000ff;\"><strong>En estos d\u00edas de intenso calor, el material org\u00e1nico de los residuos domiciliarios que se depositan en los distintos contenedores provoca malos olores.<\/strong><\/span><\/p>\n<p>Sin dudas que la apuesta del municipio de Calchaqu\u00ed en establecer una red de contenedores pl\u00e1sticos en la zona c\u00e9ntrica y los barrios, ha sido distintiva y pionera para el norte provincial.<\/p>\n<p>El 1\u00ba de agosto del a\u00f1o 2011, comenz\u00f3 a funcionar el programa integral de tratamiento de residuos domiciliarios. Se colocaron 150 contenedores en las esquinas del ejido urbano para depositar residuos h\u00famedos y dos d\u00edas a la semana se realiza una recolecci\u00f3n de residuos secos.<\/p>\n<p>Su disposici\u00f3n ha venido a solucionar en parte, los cotidianos desparramos de residuos que produc\u00edan perros callejeros en busca de alimentos. La est\u00e9tica urbana ha cambiado notablemente en estos casi 9 a\u00f1os. Sin embargo, el programa necesita del aporte de todos: vecinos y estado.<\/p>\n<p>Pero lamentablemente, el mal uso de unos pocos ha provocado que muchos de los containers no tengan sus tapas correspondientes o bien son dejadas abiertas. Por lo que, la ca\u00edda de agua de lluvia y el intenso calor veraniego, ocasiona la putrefacci\u00f3n de los restos que emanan olores realmente nauseabundos. Al no poseer sus tapas o bien por falta de mantenimiento regular, el aroma rancio se expande en su derredor.<\/p>\n<p>Sin dudas, la llegada del calor profundiza y agrava la problem\u00e1tica que deber\u00e1 tener una adecuada respuesta para beneficio de todos&#8230;<\/p>\n","protected":false},"excerpt":{"rendered":"<p>En estos d\u00edas de intenso calor, el material org\u00e1nico de los residuos domiciliarios que se depositan en los distintos contenedores provoca malos olores. Sin dudas que la apuesta del municipio de Calchaqu\u00ed&#46;&#46;&#46;<\/p>\n","protected":false},"author":1,"featured_media":7749,"comment_status":"closed","ping_status":"open","sticky":false,"template":"","format":"standard","meta":[],"categories":[2,3,8],"tags":[],"_links":{"self":[{"href":"https:\/\/www.revistarescatados.com.ar\/web\/wp-json\/wp\/v2\/posts\/7748"}],"collection":[{"href":"https:\/\/www.revistarescatados.com.ar\/web\/wp-json\/wp\/v2\/posts"}],"about":[{"href":"https:\/\/www.revistarescatados.com.ar\/web\/wp-json\/wp\/v2\/types\/post"}],"author":[{"embeddable":true,"href":"https:\/\/www.revistarescatados.com.ar\/web\/wp-json\/wp\/v2\/users\/1"}],"replies":[{"embeddable":true,"href":"https:\/\/www.revistarescatados.com.ar\/web\/wp-json\/wp\/v2\/comments?post=7748"}],"version-history":[{"count":2,"href":"https:\/\/www.revistarescatados.com.ar\/web\/wp-json\/wp\/v2\/posts\/7748\/revisions"}],"predecessor-version":[{"id":7751,"href":"https:\/\/www.revistarescatados.com.ar\/web\/wp-json\/wp\/v2\/posts\/7748\/revisions\/7751"}],"wp:featuredmedia":[{"embeddable":true,"href":"https:\/\/www.revistarescatados.com.ar\/web\/wp-json\/wp\/v2\/media\/7749"}],"wp:attachment":[{"href":"https:\/\/www.revistarescatados.com.ar\/web\/wp-json\/wp\/v2\/media?parent=7748"}],"wp:term":[{"taxonomy":"category","embeddable":true,"href":"https:\/\/www.revistarescatados.com.ar\/web\/wp-json\/wp\/v2\/categories?post=7748"},{"taxonomy":"post_tag","embeddable":true,"href":"https:\/\/www.revistarescatados.com.ar\/web\/wp-json\/wp\/v2\/tags?post=7748"}],"curies":[{"name":"wp","href":"https:\/\/api.w.org\/{rel}","templated":true}]}}