{"id":787,"date":"2018-06-08T20:44:21","date_gmt":"2018-06-08T23:44:21","guid":{"rendered":"http:\/\/www.revistarescatados.com.ar\/web\/?p=787"},"modified":"2018-06-08T20:44:21","modified_gmt":"2018-06-08T23:44:21","slug":"plan-del-norte-la-provincia-trabaja-para-llevar-el-vuelvo-a-estudiar-a-pequenas-localidades-y-parajes","status":"publish","type":"post","link":"https:\/\/www.revistarescatados.com.ar\/web\/2018\/06\/08\/plan-del-norte-la-provincia-trabaja-para-llevar-el-vuelvo-a-estudiar-a-pequenas-localidades-y-parajes\/","title":{"rendered":"Plan del norte: La provincia trabaja para llevar el \u201cVuelvo a estudiar\u201d a peque\u00f1as localidades y parajes"},"content":{"rendered":"<div><img loading=\"lazy\" class=\"aligncenter size-full wp-image-788\" src=\"http:\/\/www.revistarescatados.com.ar\/web\/wp-content\/uploads\/2018\/06\/Vuelvo-a-estudiar-en-el-norte.jpg\" alt=\"\" width=\"1280\" height=\"853\" srcset=\"https:\/\/www.revistarescatados.com.ar\/web\/wp-content\/uploads\/2018\/06\/Vuelvo-a-estudiar-en-el-norte.jpg 1280w, https:\/\/www.revistarescatados.com.ar\/web\/wp-content\/uploads\/2018\/06\/Vuelvo-a-estudiar-en-el-norte-300x200.jpg 300w, https:\/\/www.revistarescatados.com.ar\/web\/wp-content\/uploads\/2018\/06\/Vuelvo-a-estudiar-en-el-norte-768x512.jpg 768w, https:\/\/www.revistarescatados.com.ar\/web\/wp-content\/uploads\/2018\/06\/Vuelvo-a-estudiar-en-el-norte-1024x682.jpg 1024w\" sizes=\"(max-width: 1280px) 100vw, 1280px\" \/><\/div>\n<div><b style=\"color: #0000ff;\">El plan destinado a que los estudiantes retomen y egresen de la escuela secundaria, en la modalidad de cursado virtual, tiene altas posibilidades de radicarse en localidades de la Cu\u00f1a Boscosa.<\/b><\/div>\n<div>\n<p>\u201cEn el marco del Plan Vuelvo a Estudiar, que inici\u00f3 en el a\u00f1o 2013, venimos desarrollando distintas l\u00edneas y una de ellas es el Vuelvo a Estudiar Virtual, la cual es una propuesta de educaci\u00f3n para j\u00f3venes y adultos semi-presencial, con un cursado por m\u00f3dulos, con un 89 por ciento a trav\u00e9s de la plataforma educativa y un 11 por ciento presencial. En este contexto, abrimos distintas sedes en toda la provincia, y en el norte ya tenemos en Reconquista, Avellaneda, Las Toscas, San Antonio de Obligado y Vera, conforme a la demanda de las mismas localidades\u201d, explic\u00f3 Yanina Fantas\u00eda, directora del Plan Vuelvo a Estudiar Virtual.<\/p>\n<p>Por su parte, el coordinador de Plan del Norte, Sergio Rojas, argument\u00f3 que \u201cel gobierno provincial est\u00e1 trabajando en llevar adelante el Vuelvo a Estudiar a la Cu\u00f1a Boscosa, en algunas localidades y parajes de la regi\u00f3n, en virtud que se complica para los estudiantes el traslado y acceso a otras localidades para cursar la secundaria\u201d.<\/p>\n<p>En esa direcci\u00f3n, el mandatario defini\u00f3 que \u201csi bien esto comenzar\u00eda por el departamento Vera, ya se analizan otras situaciones de 9 de Julio y General Obligado, puesto que el Vuelvo a Estudiar se afianza cada d\u00eda m\u00e1s en el norte santafesino. En lo que va del programa, 1280 j\u00f3venes y adultos de nuestra regi\u00f3n ya volvieron a la escuela secundaria a trav\u00e9s de \u00e9l, sumando las l\u00edneas Territorial, Virtual y Tiempo de Superaci\u00f3n\u201d.<\/p>\n<p>Por \u00faltimo, Rojas sostuvo que \u201cen la evaluaci\u00f3n que realiza CIPPEC, este programa se visualiza como uno de los que mejores resultados puede demostrar y por eso trabajamos junto a la ministra Balague y todo su equipo para lograr un mayor alcance, fundamentalmente en los lugares con menos posibilidades\u201d.<\/p>\n<p><span style=\"color: #0000ff;\"><b>EN VERA<\/b><\/span><\/p>\n<p>El equipo del Vuelvo a Estudiar Virtual y funcionarios regionales mantendr\u00e1n una reuni\u00f3n el pr\u00f3ximo s\u00e1bado 9 con el senador por el departamento Vera, Osvaldo Sosa, para conocer su visi\u00f3n y dialogar acerca de esta implementaci\u00f3n; posteriormente, socializar\u00e1 la experiencia del Vuelvo con docentes locales y, por \u00faltimo, participar\u00e1 de un encuentro presencial de cursado con los actuales estudiantes del Plan en la ciudad de Vera.<\/p>\n<p><span style=\"color: #0000ff;\"><b>EL PLAN\u00a0<\/b><\/span><\/p>\n<p>El Plan Vuelvo a Estudiar despliega una serie de estrategias tendientes a lograr que los estudiantes retomen, permanezcan y egresen de la escuela secundaria, con foco en la apropiaci\u00f3n y construcci\u00f3n de aprendizajes que posibiliten nuevo proyecto de vida.<\/p>\n<p>Haciendo uso de los entornos virtuales, el Gobierno de Santa Fe ampli\u00f3 el alcance del programa con una iniciativa in\u00e9dita e innovadora de cursado semi-presencial destinada a estudiantes mayores de 18 a\u00f1os. La propuesta, que contempla el acompa\u00f1amiento de docentes tutores, implica una parte del cursado virtual y encuentros presenciales en sedes territoriales cercanas a los estudiantes.<\/p>\n<p>Desde el gobierno provincial se contin\u00faa trabajando para garantizar a los ciudadanos el derecho a su educaci\u00f3n.<\/p>\n<\/div>\n","protected":false},"excerpt":{"rendered":"<p>El plan destinado a que los estudiantes retomen y egresen de la escuela secundaria, en la modalidad de cursado virtual, tiene altas posibilidades de radicarse en localidades de la Cu\u00f1a Boscosa. \u201cEn&#46;&#46;&#46;<\/p>\n","protected":false},"author":1,"featured_media":788,"comment_status":"closed","ping_status":"open","sticky":false,"template":"","format":"standard","meta":[],"categories":[16,15,14],"tags":[],"_links":{"self":[{"href":"https:\/\/www.revistarescatados.com.ar\/web\/wp-json\/wp\/v2\/posts\/787"}],"collection":[{"href":"https:\/\/www.revistarescatados.com.ar\/web\/wp-json\/wp\/v2\/posts"}],"about":[{"href":"https:\/\/www.revistarescatados.com.ar\/web\/wp-json\/wp\/v2\/types\/post"}],"author":[{"embeddable":true,"href":"https:\/\/www.revistarescatados.com.ar\/web\/wp-json\/wp\/v2\/users\/1"}],"replies":[{"embeddable":true,"href":"https:\/\/www.revistarescatados.com.ar\/web\/wp-json\/wp\/v2\/comments?post=787"}],"version-history":[{"count":1,"href":"https:\/\/www.revistarescatados.com.ar\/web\/wp-json\/wp\/v2\/posts\/787\/revisions"}],"predecessor-version":[{"id":789,"href":"https:\/\/www.revistarescatados.com.ar\/web\/wp-json\/wp\/v2\/posts\/787\/revisions\/789"}],"wp:featuredmedia":[{"embeddable":true,"href":"https:\/\/www.revistarescatados.com.ar\/web\/wp-json\/wp\/v2\/media\/788"}],"wp:attachment":[{"href":"https:\/\/www.revistarescatados.com.ar\/web\/wp-json\/wp\/v2\/media?parent=787"}],"wp:term":[{"taxonomy":"category","embeddable":true,"href":"https:\/\/www.revistarescatados.com.ar\/web\/wp-json\/wp\/v2\/categories?post=787"},{"taxonomy":"post_tag","embeddable":true,"href":"https:\/\/www.revistarescatados.com.ar\/web\/wp-json\/wp\/v2\/tags?post=787"}],"curies":[{"name":"wp","href":"https:\/\/api.w.org\/{rel}","templated":true}]}}