{"id":7977,"date":"2020-02-07T13:35:29","date_gmt":"2020-02-07T16:35:29","guid":{"rendered":"http:\/\/www.revistarescatados.com.ar\/web\/?p=7977"},"modified":"2020-02-07T13:35:29","modified_gmt":"2020-02-07T16:35:29","slug":"con-aportes-del-dia-de-radio-el-samco-calchaqui-reparo-un-audiometro-la-ambulancia-y-un-equipo-de-laboratorio-del-hospital","status":"publish","type":"post","link":"https:\/\/www.revistarescatados.com.ar\/web\/2020\/02\/07\/con-aportes-del-dia-de-radio-el-samco-calchaqui-reparo-un-audiometro-la-ambulancia-y-un-equipo-de-laboratorio-del-hospital\/","title":{"rendered":"Con aportes del \u201cD\u00eda de Radio\u201d, el Samco Calchaqu\u00ed repar\u00f3 un audi\u00f3metro, la ambulancia y un equipo de laboratorio del hospital"},"content":{"rendered":"<p><img loading=\"lazy\" class=\"aligncenter size-full wp-image-7219\" src=\"http:\/\/www.revistarescatados.com.ar\/web\/wp-content\/uploads\/2019\/11\/Colecta-solidaria-1.jpg\" alt=\"\" width=\"1382\" height=\"778\" srcset=\"https:\/\/www.revistarescatados.com.ar\/web\/wp-content\/uploads\/2019\/11\/Colecta-solidaria-1.jpg 1382w, https:\/\/www.revistarescatados.com.ar\/web\/wp-content\/uploads\/2019\/11\/Colecta-solidaria-1-300x169.jpg 300w, https:\/\/www.revistarescatados.com.ar\/web\/wp-content\/uploads\/2019\/11\/Colecta-solidaria-1-768x432.jpg 768w, https:\/\/www.revistarescatados.com.ar\/web\/wp-content\/uploads\/2019\/11\/Colecta-solidaria-1-1024x576.jpg 1024w\" sizes=\"(max-width: 1382px) 100vw, 1382px\" \/><\/p>\n<p><span style=\"color: #0000ff;\"><strong>La Comisi\u00f3n ejecutiva del Samco present\u00f3 el balance de la colecta solidaria que reuni\u00f3 un total $112.288 y el destino que se le dio al dinero aportado por la comunidad.<\/strong><\/span><\/p>\n<p>El presidente Daniel Avallone y la tesorera Eva Capello firman el comunicado que hace conocer a la poblaci\u00f3n el balance de lo recaudado no solo en la colecta domiciliaria realizada el 20 de noviembre del a\u00f1o pasado, como tambi\u00e9n de lo colectado en las urnas ubicadas en los comercios y donaciones de empresas y particulares.\u00a0 Todo sum\u00f3 un total de $112.288 pesos.<\/p>\n<p>Con esos fondos se pag\u00f3 el arreglo del audi\u00f3metro de la sala de fonoaudilog\u00eda, se repar\u00f3 la ambulancia y un equipo de laboratorio; como tambi\u00e9n se compraron reactivos para el laboratorio, pagaron cuotas de un Split para enfermer\u00eda y se arregl\u00f3 la computadora de facturaci\u00f3n.<\/p>\n<p><img loading=\"lazy\" class=\"aligncenter size-full wp-image-7978\" src=\"http:\/\/www.revistarescatados.com.ar\/web\/wp-content\/uploads\/2020\/02\/Balance-Dia-de-Radio-Samco.jpg\" alt=\"\" width=\"1280\" height=\"1101\" srcset=\"https:\/\/www.revistarescatados.com.ar\/web\/wp-content\/uploads\/2020\/02\/Balance-Dia-de-Radio-Samco.jpg 1280w, https:\/\/www.revistarescatados.com.ar\/web\/wp-content\/uploads\/2020\/02\/Balance-Dia-de-Radio-Samco-300x258.jpg 300w, https:\/\/www.revistarescatados.com.ar\/web\/wp-content\/uploads\/2020\/02\/Balance-Dia-de-Radio-Samco-768x661.jpg 768w, https:\/\/www.revistarescatados.com.ar\/web\/wp-content\/uploads\/2020\/02\/Balance-Dia-de-Radio-Samco-1024x881.jpg 1024w\" sizes=\"(max-width: 1280px) 100vw, 1280px\" \/><\/p>\n","protected":false},"excerpt":{"rendered":"<p>La Comisi\u00f3n ejecutiva del Samco present\u00f3 el balance de la colecta solidaria que reuni\u00f3 un total $112.288 y el destino que se le dio al dinero aportado por la comunidad. El presidente&#46;&#46;&#46;<\/p>\n","protected":false},"author":1,"featured_media":7219,"comment_status":"closed","ping_status":"open","sticky":false,"template":"","format":"standard","meta":[],"categories":[2,3,16,10],"tags":[],"_links":{"self":[{"href":"https:\/\/www.revistarescatados.com.ar\/web\/wp-json\/wp\/v2\/posts\/7977"}],"collection":[{"href":"https:\/\/www.revistarescatados.com.ar\/web\/wp-json\/wp\/v2\/posts"}],"about":[{"href":"https:\/\/www.revistarescatados.com.ar\/web\/wp-json\/wp\/v2\/types\/post"}],"author":[{"embeddable":true,"href":"https:\/\/www.revistarescatados.com.ar\/web\/wp-json\/wp\/v2\/users\/1"}],"replies":[{"embeddable":true,"href":"https:\/\/www.revistarescatados.com.ar\/web\/wp-json\/wp\/v2\/comments?post=7977"}],"version-history":[{"count":1,"href":"https:\/\/www.revistarescatados.com.ar\/web\/wp-json\/wp\/v2\/posts\/7977\/revisions"}],"predecessor-version":[{"id":7979,"href":"https:\/\/www.revistarescatados.com.ar\/web\/wp-json\/wp\/v2\/posts\/7977\/revisions\/7979"}],"wp:featuredmedia":[{"embeddable":true,"href":"https:\/\/www.revistarescatados.com.ar\/web\/wp-json\/wp\/v2\/media\/7219"}],"wp:attachment":[{"href":"https:\/\/www.revistarescatados.com.ar\/web\/wp-json\/wp\/v2\/media?parent=7977"}],"wp:term":[{"taxonomy":"category","embeddable":true,"href":"https:\/\/www.revistarescatados.com.ar\/web\/wp-json\/wp\/v2\/categories?post=7977"},{"taxonomy":"post_tag","embeddable":true,"href":"https:\/\/www.revistarescatados.com.ar\/web\/wp-json\/wp\/v2\/tags?post=7977"}],"curies":[{"name":"wp","href":"https:\/\/api.w.org\/{rel}","templated":true}]}}