{"id":8175,"date":"2020-02-29T12:37:16","date_gmt":"2020-02-29T15:37:16","guid":{"rendered":"http:\/\/www.revistarescatados.com.ar\/web\/?p=8175"},"modified":"2020-02-29T12:37:16","modified_gmt":"2020-02-29T15:37:16","slug":"la-docencia-santafesina-voto-dos-jornadas-de-paro-y-las-clases-comenzaran-el-miercoles-4-de-marzo","status":"publish","type":"post","link":"https:\/\/www.revistarescatados.com.ar\/web\/2020\/02\/29\/la-docencia-santafesina-voto-dos-jornadas-de-paro-y-las-clases-comenzaran-el-miercoles-4-de-marzo\/","title":{"rendered":"La docencia santafesina vot\u00f3 dos jornadas de paro y  las clases comenzar\u00e1n el mi\u00e9rcoles 4 de marzo"},"content":{"rendered":"<p><img loading=\"lazy\" class=\"aligncenter size-full wp-image-1062\" src=\"http:\/\/www.revistarescatados.com.ar\/web\/wp-content\/uploads\/2018\/07\/Paro.jpg\" alt=\"\" width=\"800\" height=\"474\" srcset=\"https:\/\/www.revistarescatados.com.ar\/web\/wp-content\/uploads\/2018\/07\/Paro.jpg 800w, https:\/\/www.revistarescatados.com.ar\/web\/wp-content\/uploads\/2018\/07\/Paro-300x178.jpg 300w, https:\/\/www.revistarescatados.com.ar\/web\/wp-content\/uploads\/2018\/07\/Paro-768x455.jpg 768w\" sizes=\"(max-width: 800px) 100vw, 800px\" \/><\/p>\n<p><span style=\"color: #0000ff;\"><strong>Por mayor\u00eda abrumadora, la asamblea provincial de Asamfe rechaz\u00f3 la propuesta del gobierno; adem\u00e1s vot\u00f3 dos paros de 48 horas para esta semana y la pr\u00f3xima. Tambi\u00e9n habr\u00e1 una concentraci\u00f3n departamental \u00a0y regional, con movilizaci\u00f3n provincial. Por la aceptaci\u00f3n solo hubo 17 votos.<\/strong><\/span><\/p>\n<p><strong>Resultado de la PIZARRA Asamblea Provincial 29\/02\/20<\/strong><\/p>\n<p><strong>*Total de votantes 37.097*<\/strong><\/p>\n<p>*Aceptar:* 17 votos<\/p>\n<p>*Rechazar sin medidas* 4 votos<\/p>\n<p>*Blanco:*59 votos<\/p>\n<p>*Abstenci\u00f3n:* 34 votos<\/p>\n<p><strong>*Rechazar:* NO INICIO votos<\/strong><\/p>\n<p>*Medidas de fuerza:*<\/p>\n<p>*Paro de 24 y 48 hs: 32 votos*<\/p>\n<p>Paro 24 hs semanales: 11 votos<\/p>\n<p>*Paro 48 y 48 hs: 18.788 votos*<\/p>\n<p>Paro 48 hs semanales: 225 votos<\/p>\n<p>*Paro 48 y 72 hs: 11.671votos*<\/p>\n<p>Paro 72 hs: 115 votos<\/p>\n<p>*Paro 72 y 72 hs: 1.862 votos*<\/p>\n<p>Paro 72 hs semanales: 1.529 votos<\/p>\n<p>*Paro de 72 y 48 hs: 165 votos*<\/p>\n<p>Paro Tiempo Indeterminado: 2.574 votos<\/p>\n<p>*Acciones:* Concentraci\u00f3n Dptal y Regional &#8211; Movilizaci\u00f3n Provincial<\/p>\n<p><strong>*RECHAZAR PROPUESTA 36.976 VOTOS*<\/strong><\/p>\n","protected":false},"excerpt":{"rendered":"<p>Por mayor\u00eda abrumadora, la asamblea provincial de Asamfe rechaz\u00f3 la propuesta del gobierno; adem\u00e1s vot\u00f3 dos paros de 48 horas para esta semana y la pr\u00f3xima. Tambi\u00e9n habr\u00e1 una concentraci\u00f3n departamental \u00a0y&#46;&#46;&#46;<\/p>\n","protected":false},"author":1,"featured_media":1062,"comment_status":"closed","ping_status":"open","sticky":false,"template":"","format":"standard","meta":[],"categories":[15,12],"tags":[],"_links":{"self":[{"href":"https:\/\/www.revistarescatados.com.ar\/web\/wp-json\/wp\/v2\/posts\/8175"}],"collection":[{"href":"https:\/\/www.revistarescatados.com.ar\/web\/wp-json\/wp\/v2\/posts"}],"about":[{"href":"https:\/\/www.revistarescatados.com.ar\/web\/wp-json\/wp\/v2\/types\/post"}],"author":[{"embeddable":true,"href":"https:\/\/www.revistarescatados.com.ar\/web\/wp-json\/wp\/v2\/users\/1"}],"replies":[{"embeddable":true,"href":"https:\/\/www.revistarescatados.com.ar\/web\/wp-json\/wp\/v2\/comments?post=8175"}],"version-history":[{"count":1,"href":"https:\/\/www.revistarescatados.com.ar\/web\/wp-json\/wp\/v2\/posts\/8175\/revisions"}],"predecessor-version":[{"id":8176,"href":"https:\/\/www.revistarescatados.com.ar\/web\/wp-json\/wp\/v2\/posts\/8175\/revisions\/8176"}],"wp:featuredmedia":[{"embeddable":true,"href":"https:\/\/www.revistarescatados.com.ar\/web\/wp-json\/wp\/v2\/media\/1062"}],"wp:attachment":[{"href":"https:\/\/www.revistarescatados.com.ar\/web\/wp-json\/wp\/v2\/media?parent=8175"}],"wp:term":[{"taxonomy":"category","embeddable":true,"href":"https:\/\/www.revistarescatados.com.ar\/web\/wp-json\/wp\/v2\/categories?post=8175"},{"taxonomy":"post_tag","embeddable":true,"href":"https:\/\/www.revistarescatados.com.ar\/web\/wp-json\/wp\/v2\/tags?post=8175"}],"curies":[{"name":"wp","href":"https:\/\/api.w.org\/{rel}","templated":true}]}}