{"id":8201,"date":"2020-03-04T00:24:00","date_gmt":"2020-03-04T03:24:00","guid":{"rendered":"http:\/\/www.revistarescatados.com.ar\/web\/?p=8201"},"modified":"2020-03-04T00:24:00","modified_gmt":"2020-03-04T03:24:00","slug":"el-ministro-carlos-parola-anuncio-la-creacion-de-una-delegacion-departamental-de-salud-video","status":"publish","type":"post","link":"https:\/\/www.revistarescatados.com.ar\/web\/2020\/03\/04\/el-ministro-carlos-parola-anuncio-la-creacion-de-una-delegacion-departamental-de-salud-video\/","title":{"rendered":"El ministro Carlos Parola anunci\u00f3 la creaci\u00f3n de una delegaci\u00f3n departamental de salud (video)"},"content":{"rendered":"<p><img loading=\"lazy\" class=\"aligncenter size-full wp-image-8203\" src=\"http:\/\/www.revistarescatados.com.ar\/web\/wp-content\/uploads\/2020\/03\/visita-del-ministro-Carlos-Parola.jpg\" alt=\"\" width=\"1383\" height=\"922\" srcset=\"https:\/\/www.revistarescatados.com.ar\/web\/wp-content\/uploads\/2020\/03\/visita-del-ministro-Carlos-Parola.jpg 1383w, https:\/\/www.revistarescatados.com.ar\/web\/wp-content\/uploads\/2020\/03\/visita-del-ministro-Carlos-Parola-300x200.jpg 300w, https:\/\/www.revistarescatados.com.ar\/web\/wp-content\/uploads\/2020\/03\/visita-del-ministro-Carlos-Parola-768x512.jpg 768w, https:\/\/www.revistarescatados.com.ar\/web\/wp-content\/uploads\/2020\/03\/visita-del-ministro-Carlos-Parola-1024x683.jpg 1024w\" sizes=\"(max-width: 1383px) 100vw, 1383px\" \/><\/p>\n<p><span style=\"color: #0000ff;\"><strong>Fue en el marco de un encuentro con el intendente Rub\u00e9n Cuello, el senador Osvaldo Sosa y actores de la salud p\u00fablica y privada de la ciudad. Estar\u00e1 integrada por un m\u00e9dico, una enfermera y administrativo con mayor capacidad de resoluci\u00f3n operativa.<\/strong><\/span><\/p>\n<p>En la tarde de este martes 3 de marzo, en la sala de prensa del municipio se llev\u00f3 a cabo una reuni\u00f3n presidida por el ministro de salud Dr. Carlos Parola, acompa\u00f1ado por el senador Osvaldo Sosa y el intendente Rub\u00e9n Cuello, con m\u00e9dicos del hospital y cl\u00ednicas privadas, como tambi\u00e9n la comisi\u00f3n del Samco y gabinete municipal.<\/p>\n<p>Dentro de los anuncios m\u00e1s importantes dio a conocer la creaci\u00f3n de la Delegaci\u00f3n Departamental de Salud, que posibilitar\u00e1 que nuestras localidades dependan directamente de la provincia y no de Reconquista. Estar\u00e1 integrada por un m\u00e9dico, una enfermera y administrativo con mayor capacidad de resoluci\u00f3n operativa. En una primera etapa se har\u00e1 una evaluaci\u00f3n de necesidades, recursos y organizaci\u00f3n. Esta prueba piloto, se har\u00e1 en los departamentos Vera, 9 de Julio y San Crist\u00f3bal.<\/p>\n<div id=\"fb-root\"><\/div>\n<p><script async=\"1\" defer=\"1\" crossorigin=\"anonymous\" src=\"https:\/\/connect.facebook.net\/en_US\/sdk.js#xfbml=1&amp;version=v6.0\"><\/script><\/p>\n<div class=\"fb-video\" data-href=\"https:\/\/www.facebook.com\/rescatados.calchaqui.5\/videos\/672217526917183\/\" data-width=\"500\">\n<blockquote cite=\"https:\/\/www.facebook.com\/rescatados.calchaqui.5\/videos\/672217526917183\/\" class=\"fb-xfbml-parse-ignore\"><p><a href=\"https:\/\/www.facebook.com\/rescatados.calchaqui.5\/videos\/672217526917183\/\"><\/a><\/p>\n<p>PAROLA ANUNCI\u00d3 LA CREACI\u00d3N DE UNA DELEGACI\u00d3N DEPARTAMENTAL DE SALUDLa prueba piloto sera en los dptos Vera, 9 de Julio y San Cristobal. Tambi\u00e9n hablo del corona virus y plan de vacunaci\u00f3n.<\/p>\n<p>Posted by <a href=\"https:\/\/www.facebook.com\/rescatados.calchaqui.5\/\">Rescatados Television &#8211; Calchaqui<\/a> on Tuesday, March 3, 2020<\/p><\/blockquote>\n<\/div>\n<p>Adem\u00e1s comunic\u00f3 la pronta puesta en pr\u00e1ctica de un nuevo Plan de Vacunaci\u00f3n para ni\u00f1os en edad escolar y se hicieron propuestas para coordinar lo p\u00fablico con lo privado a fin de beneficiar la atenci\u00f3n de la salud local.<\/p>\n<p>Se hicieron planteos sobre el sistema de traslados en ambulancias que coordina la Dipaes, la precarizaci\u00f3n de m\u00e9dicos mediante monotributos, mayor capacitaci\u00f3n permanente de los m\u00e9dicos, la donaci\u00f3n de la infraestructura del Centro Integrador Comunitario que es de naci\u00f3n a la provincia, la optimizaci\u00f3n de recursos humanos, entre otros temas.<\/p>\n<p><img loading=\"lazy\" class=\"aligncenter size-full wp-image-8202\" src=\"http:\/\/www.revistarescatados.com.ar\/web\/wp-content\/uploads\/2020\/03\/el-ministro-Carlos-Parola-con-personal-del-SEM.jpg\" alt=\"\" width=\"1383\" height=\"922\" srcset=\"https:\/\/www.revistarescatados.com.ar\/web\/wp-content\/uploads\/2020\/03\/el-ministro-Carlos-Parola-con-personal-del-SEM.jpg 1383w, https:\/\/www.revistarescatados.com.ar\/web\/wp-content\/uploads\/2020\/03\/el-ministro-Carlos-Parola-con-personal-del-SEM-300x200.jpg 300w, https:\/\/www.revistarescatados.com.ar\/web\/wp-content\/uploads\/2020\/03\/el-ministro-Carlos-Parola-con-personal-del-SEM-768x512.jpg 768w, https:\/\/www.revistarescatados.com.ar\/web\/wp-content\/uploads\/2020\/03\/el-ministro-Carlos-Parola-con-personal-del-SEM-1024x683.jpg 1024w\" sizes=\"(max-width: 1383px) 100vw, 1383px\" \/><\/p>\n<p>Para finalizar el intendente Rub\u00e9n Cuello lo interioriz\u00f3 sobre el funcionamiento del Servicio de Emergencia Municipal y el ministro charl\u00f3 con el personal afectado a esta tarea. Adem\u00e1s recorri\u00f3 las instalaciones del hospital Ricardo Aldo de nuestra ciudad.<\/p>\n","protected":false},"excerpt":{"rendered":"<p>Fue en el marco de un encuentro con el intendente Rub\u00e9n Cuello, el senador Osvaldo Sosa y actores de la salud p\u00fablica y privada de la ciudad. Estar\u00e1 integrada por un m\u00e9dico,&#46;&#46;&#46;<\/p>\n","protected":false},"author":1,"featured_media":8203,"comment_status":"closed","ping_status":"open","sticky":false,"template":"","format":"standard","meta":[],"categories":[2,3,16,10,9],"tags":[],"_links":{"self":[{"href":"https:\/\/www.revistarescatados.com.ar\/web\/wp-json\/wp\/v2\/posts\/8201"}],"collection":[{"href":"https:\/\/www.revistarescatados.com.ar\/web\/wp-json\/wp\/v2\/posts"}],"about":[{"href":"https:\/\/www.revistarescatados.com.ar\/web\/wp-json\/wp\/v2\/types\/post"}],"author":[{"embeddable":true,"href":"https:\/\/www.revistarescatados.com.ar\/web\/wp-json\/wp\/v2\/users\/1"}],"replies":[{"embeddable":true,"href":"https:\/\/www.revistarescatados.com.ar\/web\/wp-json\/wp\/v2\/comments?post=8201"}],"version-history":[{"count":1,"href":"https:\/\/www.revistarescatados.com.ar\/web\/wp-json\/wp\/v2\/posts\/8201\/revisions"}],"predecessor-version":[{"id":8204,"href":"https:\/\/www.revistarescatados.com.ar\/web\/wp-json\/wp\/v2\/posts\/8201\/revisions\/8204"}],"wp:featuredmedia":[{"embeddable":true,"href":"https:\/\/www.revistarescatados.com.ar\/web\/wp-json\/wp\/v2\/media\/8203"}],"wp:attachment":[{"href":"https:\/\/www.revistarescatados.com.ar\/web\/wp-json\/wp\/v2\/media?parent=8201"}],"wp:term":[{"taxonomy":"category","embeddable":true,"href":"https:\/\/www.revistarescatados.com.ar\/web\/wp-json\/wp\/v2\/categories?post=8201"},{"taxonomy":"post_tag","embeddable":true,"href":"https:\/\/www.revistarescatados.com.ar\/web\/wp-json\/wp\/v2\/tags?post=8201"}],"curies":[{"name":"wp","href":"https:\/\/api.w.org\/{rel}","templated":true}]}}