{"id":8215,"date":"2020-03-05T00:36:47","date_gmt":"2020-03-05T03:36:47","guid":{"rendered":"http:\/\/www.revistarescatados.com.ar\/web\/?p=8215"},"modified":"2020-03-05T02:02:48","modified_gmt":"2020-03-05T05:02:48","slug":"realizan-trabajos-de-desinfeccion-final-del-acueducto-en-calchaqui","status":"publish","type":"post","link":"https:\/\/www.revistarescatados.com.ar\/web\/2020\/03\/05\/realizan-trabajos-de-desinfeccion-final-del-acueducto-en-calchaqui\/","title":{"rendered":"Realizan trabajos de desinfecci\u00f3n final del acueducto en Calchaqu\u00ed"},"content":{"rendered":"<p><img loading=\"lazy\" class=\"aligncenter wp-image-8216\" src=\"http:\/\/www.revistarescatados.com.ar\/web\/wp-content\/uploads\/2020\/03\/agua.jpg\" alt=\"\" width=\"759\" height=\"507\" srcset=\"https:\/\/www.revistarescatados.com.ar\/web\/wp-content\/uploads\/2020\/03\/agua.jpg 710w, https:\/\/www.revistarescatados.com.ar\/web\/wp-content\/uploads\/2020\/03\/agua-300x200.jpg 300w\" sizes=\"(max-width: 759px) 100vw, 759px\" \/><\/p>\n<p><span style=\"color: #0000ff;\"><strong>La empresa inform\u00f3 al municipio que estas acciones pueden generar el vertido de agua en las calles, generando inconvenientes menores a vecinos y transe\u00fantes. Servir\u00e1 para iniciar el suministro de agua potable a la prestataria de la localidad.<\/strong><\/span><\/p>\n<p>Mediante una nota fechada el pasado 28 de febrero, la UTE encargada de la obra comunic\u00f3 a la Municipalidad de Calchaqu\u00ed que en el marco de la obra del acueducto Reconquista \u2013 ramal sur, en los pr\u00f3ximos d\u00edas se realizan trabajos de desinfecci\u00f3n final del acueducto \u201cpara iniciar el suministro de agua potable a la prestataria de la localidad\u201d.<\/p>\n<p>Esta desinfecci\u00f3n final puede traer aparejado el vertido de agua en las calles, generando inconvenientes menores a los vecinos y transe\u00fantes. \u201cPor ello solicitamos que sepan comprender que \u00a0estos inconvenientes son inevitables y a la ve imprescindibles para poder habilitar definitivamente el servicio de agua potable\u201d, se\u00f1ala la misiva refrendada por el representante t\u00e9cnico Ing. Juan Manuel P\u00e1ez de la torre.<\/p>\n","protected":false},"excerpt":{"rendered":"<p>La empresa inform\u00f3 al municipio que estas acciones pueden generar el vertido de agua en las calles, generando inconvenientes menores a vecinos y transe\u00fantes. Servir\u00e1 para iniciar el suministro de agua potable&#46;&#46;&#46;<\/p>\n","protected":false},"author":1,"featured_media":8216,"comment_status":"closed","ping_status":"open","sticky":false,"template":"","format":"standard","meta":[],"categories":[2,3,8],"tags":[],"_links":{"self":[{"href":"https:\/\/www.revistarescatados.com.ar\/web\/wp-json\/wp\/v2\/posts\/8215"}],"collection":[{"href":"https:\/\/www.revistarescatados.com.ar\/web\/wp-json\/wp\/v2\/posts"}],"about":[{"href":"https:\/\/www.revistarescatados.com.ar\/web\/wp-json\/wp\/v2\/types\/post"}],"author":[{"embeddable":true,"href":"https:\/\/www.revistarescatados.com.ar\/web\/wp-json\/wp\/v2\/users\/1"}],"replies":[{"embeddable":true,"href":"https:\/\/www.revistarescatados.com.ar\/web\/wp-json\/wp\/v2\/comments?post=8215"}],"version-history":[{"count":1,"href":"https:\/\/www.revistarescatados.com.ar\/web\/wp-json\/wp\/v2\/posts\/8215\/revisions"}],"predecessor-version":[{"id":8217,"href":"https:\/\/www.revistarescatados.com.ar\/web\/wp-json\/wp\/v2\/posts\/8215\/revisions\/8217"}],"wp:featuredmedia":[{"embeddable":true,"href":"https:\/\/www.revistarescatados.com.ar\/web\/wp-json\/wp\/v2\/media\/8216"}],"wp:attachment":[{"href":"https:\/\/www.revistarescatados.com.ar\/web\/wp-json\/wp\/v2\/media?parent=8215"}],"wp:term":[{"taxonomy":"category","embeddable":true,"href":"https:\/\/www.revistarescatados.com.ar\/web\/wp-json\/wp\/v2\/categories?post=8215"},{"taxonomy":"post_tag","embeddable":true,"href":"https:\/\/www.revistarescatados.com.ar\/web\/wp-json\/wp\/v2\/tags?post=8215"}],"curies":[{"name":"wp","href":"https:\/\/api.w.org\/{rel}","templated":true}]}}