{"id":8245,"date":"2020-03-06T19:10:22","date_gmt":"2020-03-06T22:10:22","guid":{"rendered":"http:\/\/www.revistarescatados.com.ar\/web\/?p=8245"},"modified":"2020-03-06T19:10:22","modified_gmt":"2020-03-06T22:10:22","slug":"el-lunes-9-de-marzo-regira-asueto-para-empleadas-provinciales","status":"publish","type":"post","link":"https:\/\/www.revistarescatados.com.ar\/web\/2020\/03\/06\/el-lunes-9-de-marzo-regira-asueto-para-empleadas-provinciales\/","title":{"rendered":"El lunes 9 de marzo regir\u00e1 asueto  para empleadas provinciales"},"content":{"rendered":"<p><img loading=\"lazy\" class=\"aligncenter  wp-image-8246\" src=\"http:\/\/www.revistarescatados.com.ar\/web\/wp-content\/uploads\/2020\/03\/dia-de-la-mujer.jpg\" alt=\"\" width=\"766\" height=\"425\" srcset=\"https:\/\/www.revistarescatados.com.ar\/web\/wp-content\/uploads\/2020\/03\/dia-de-la-mujer.jpg 512w, https:\/\/www.revistarescatados.com.ar\/web\/wp-content\/uploads\/2020\/03\/dia-de-la-mujer-300x166.jpg 300w\" sizes=\"(max-width: 766px) 100vw, 766px\" \/><\/p>\n<p><span style=\"color: #0000ff;\"><strong>El 9 de marzo las mujeres que trabajan en la administraci\u00f3n p\u00fablica provincial tendr\u00e1n asueto con motivo de la conmemoraci\u00f3n del D\u00eda Internacional, que si bien es el 8 las diferentes manifestaciones y actos se llevar\u00e1n adelante ese lunes.<\/strong><\/span><\/p>\n<p>Por esa raz\u00f3n, y para que puedan participar de las diversas actividades, el gobernador de Santa Fe, Omar Perotti, decret\u00f3 asueto, adhiri\u00e9ndose a las reivindicaciones del movimiento de mujeres, seg\u00fan expresa en la norma.<\/p>\n<p>En ese sentido, manifiestan que &#8220;en atenci\u00f3n a las dimensiones y trascendencia p\u00fablica que han tomado las manifestaciones y acontecimientos que a cabo el referido movimiento de mujeres durante ese d\u00eda, las agentes de la administraci\u00f3n\u00a0P\u00fablica Provincial\u00a0quedar\u00e1n desobligadas el pr\u00f3ximo lunes 9\u00a0de marzo\u00a0de sus tareas habituales para facilitar su participaci\u00f3n en las distintas actividades organizadas por el colectivo de mujeres, las organizaciones sociales y\u00a0sindicales.<\/p>\n<p>De todos modos aclaran que\u00a0 &#8220;con excepci\u00f3n de aquellas agentes que se encontraren afectadas a garantizar los servicios esenciales y la seguridad p\u00fablica&#8221;.<\/p>\n","protected":false},"excerpt":{"rendered":"<p>El 9 de marzo las mujeres que trabajan en la administraci\u00f3n p\u00fablica provincial tendr\u00e1n asueto con motivo de la conmemoraci\u00f3n del D\u00eda Internacional, que si bien es el 8 las diferentes manifestaciones&#46;&#46;&#46;<\/p>\n","protected":false},"author":1,"featured_media":8246,"comment_status":"closed","ping_status":"open","sticky":false,"template":"","format":"standard","meta":[],"categories":[10,12,8],"tags":[],"_links":{"self":[{"href":"https:\/\/www.revistarescatados.com.ar\/web\/wp-json\/wp\/v2\/posts\/8245"}],"collection":[{"href":"https:\/\/www.revistarescatados.com.ar\/web\/wp-json\/wp\/v2\/posts"}],"about":[{"href":"https:\/\/www.revistarescatados.com.ar\/web\/wp-json\/wp\/v2\/types\/post"}],"author":[{"embeddable":true,"href":"https:\/\/www.revistarescatados.com.ar\/web\/wp-json\/wp\/v2\/users\/1"}],"replies":[{"embeddable":true,"href":"https:\/\/www.revistarescatados.com.ar\/web\/wp-json\/wp\/v2\/comments?post=8245"}],"version-history":[{"count":1,"href":"https:\/\/www.revistarescatados.com.ar\/web\/wp-json\/wp\/v2\/posts\/8245\/revisions"}],"predecessor-version":[{"id":8247,"href":"https:\/\/www.revistarescatados.com.ar\/web\/wp-json\/wp\/v2\/posts\/8245\/revisions\/8247"}],"wp:featuredmedia":[{"embeddable":true,"href":"https:\/\/www.revistarescatados.com.ar\/web\/wp-json\/wp\/v2\/media\/8246"}],"wp:attachment":[{"href":"https:\/\/www.revistarescatados.com.ar\/web\/wp-json\/wp\/v2\/media?parent=8245"}],"wp:term":[{"taxonomy":"category","embeddable":true,"href":"https:\/\/www.revistarescatados.com.ar\/web\/wp-json\/wp\/v2\/categories?post=8245"},{"taxonomy":"post_tag","embeddable":true,"href":"https:\/\/www.revistarescatados.com.ar\/web\/wp-json\/wp\/v2\/tags?post=8245"}],"curies":[{"name":"wp","href":"https:\/\/api.w.org\/{rel}","templated":true}]}}