{"id":8341,"date":"2020-03-13T17:26:11","date_gmt":"2020-03-13T20:26:11","guid":{"rendered":"http:\/\/www.revistarescatados.com.ar\/web\/?p=8341"},"modified":"2020-03-13T17:26:11","modified_gmt":"2020-03-13T20:26:11","slug":"bomberos-voluntarios-piden-evitar-las-quemas-de-basuras-y-pastizales","status":"publish","type":"post","link":"https:\/\/www.revistarescatados.com.ar\/web\/2020\/03\/13\/bomberos-voluntarios-piden-evitar-las-quemas-de-basuras-y-pastizales\/","title":{"rendered":"Bomberos voluntarios piden evitar las quemas de basuras y pastizales"},"content":{"rendered":"<p><img loading=\"lazy\" class=\"aligncenter size-full wp-image-6064\" src=\"http:\/\/www.revistarescatados.com.ar\/web\/wp-content\/uploads\/2019\/08\/incendio-1.jpg\" alt=\"\" width=\"780\" height=\"1040\" srcset=\"https:\/\/www.revistarescatados.com.ar\/web\/wp-content\/uploads\/2019\/08\/incendio-1.jpg 780w, https:\/\/www.revistarescatados.com.ar\/web\/wp-content\/uploads\/2019\/08\/incendio-1-225x300.jpg 225w, https:\/\/www.revistarescatados.com.ar\/web\/wp-content\/uploads\/2019\/08\/incendio-1-768x1024.jpg 768w\" sizes=\"(max-width: 780px) 100vw, 780px\" \/><\/p>\n<p><span style=\"color: #0000ff;\"><strong>Mediante un comunicado, el cuerpo activo de la Asociaci\u00f3n de Bomberos Voluntarios de Calchaqu\u00ed solicita a la comunidad \u201cno encender fuego para desmalezar y no quemar basuras en zonas cercanas a extensiones de vegetaci\u00f3n, que puedan desencadenar un incendio forestal\u201d.<\/strong><\/span><\/p>\n<p>Seg\u00fan inform\u00f3 la jefe del cuerpo Carina Simbron han recibido una gran cantidad de llamados simult\u00e1neos por este tipo de incendios. \u201cNos dejan con pocas posibilidades de responder adecuadamente ante la solicitud por otro tipo de emergencia\u201d, indic\u00f3.<\/p>\n<p>\u201cPedimos colaboraci\u00f3n en la difusi\u00f3n de este mensaje para la toma de conciencia\u201d, finaliza.<\/p>\n","protected":false},"excerpt":{"rendered":"<p>Mediante un comunicado, el cuerpo activo de la Asociaci\u00f3n de Bomberos Voluntarios de Calchaqu\u00ed solicita a la comunidad \u201cno encender fuego para desmalezar y no quemar basuras en zonas cercanas a extensiones&#46;&#46;&#46;<\/p>\n","protected":false},"author":1,"featured_media":6064,"comment_status":"closed","ping_status":"open","sticky":false,"template":"","format":"standard","meta":[],"categories":[2,3,8],"tags":[],"_links":{"self":[{"href":"https:\/\/www.revistarescatados.com.ar\/web\/wp-json\/wp\/v2\/posts\/8341"}],"collection":[{"href":"https:\/\/www.revistarescatados.com.ar\/web\/wp-json\/wp\/v2\/posts"}],"about":[{"href":"https:\/\/www.revistarescatados.com.ar\/web\/wp-json\/wp\/v2\/types\/post"}],"author":[{"embeddable":true,"href":"https:\/\/www.revistarescatados.com.ar\/web\/wp-json\/wp\/v2\/users\/1"}],"replies":[{"embeddable":true,"href":"https:\/\/www.revistarescatados.com.ar\/web\/wp-json\/wp\/v2\/comments?post=8341"}],"version-history":[{"count":1,"href":"https:\/\/www.revistarescatados.com.ar\/web\/wp-json\/wp\/v2\/posts\/8341\/revisions"}],"predecessor-version":[{"id":8342,"href":"https:\/\/www.revistarescatados.com.ar\/web\/wp-json\/wp\/v2\/posts\/8341\/revisions\/8342"}],"wp:featuredmedia":[{"embeddable":true,"href":"https:\/\/www.revistarescatados.com.ar\/web\/wp-json\/wp\/v2\/media\/6064"}],"wp:attachment":[{"href":"https:\/\/www.revistarescatados.com.ar\/web\/wp-json\/wp\/v2\/media?parent=8341"}],"wp:term":[{"taxonomy":"category","embeddable":true,"href":"https:\/\/www.revistarescatados.com.ar\/web\/wp-json\/wp\/v2\/categories?post=8341"},{"taxonomy":"post_tag","embeddable":true,"href":"https:\/\/www.revistarescatados.com.ar\/web\/wp-json\/wp\/v2\/tags?post=8341"}],"curies":[{"name":"wp","href":"https:\/\/api.w.org\/{rel}","templated":true}]}}