{"id":8393,"date":"2020-03-19T00:34:55","date_gmt":"2020-03-19T03:34:55","guid":{"rendered":"http:\/\/www.revistarescatados.com.ar\/web\/?p=8393"},"modified":"2020-03-19T00:35:28","modified_gmt":"2020-03-19T03:35:28","slug":"le-negaron-por-cuarta-vez-la-prision-domiciliaria-a-oscar-gimenez","status":"publish","type":"post","link":"https:\/\/www.revistarescatados.com.ar\/web\/2020\/03\/19\/le-negaron-por-cuarta-vez-la-prision-domiciliaria-a-oscar-gimenez\/","title":{"rendered":"Le negaron por cuarta vez la prisi\u00f3n domiciliaria a Oscar Gim\u00e9nez"},"content":{"rendered":"<p><img loading=\"lazy\" class=\"aligncenter size-full wp-image-6071\" src=\"http:\/\/www.revistarescatados.com.ar\/web\/wp-content\/uploads\/2019\/08\/Marina-Paiva.png\" alt=\"\" width=\"900\" height=\"599\" srcset=\"https:\/\/www.revistarescatados.com.ar\/web\/wp-content\/uploads\/2019\/08\/Marina-Paiva.png 900w, https:\/\/www.revistarescatados.com.ar\/web\/wp-content\/uploads\/2019\/08\/Marina-Paiva-300x200.png 300w, https:\/\/www.revistarescatados.com.ar\/web\/wp-content\/uploads\/2019\/08\/Marina-Paiva-768x511.png 768w\" sizes=\"(max-width: 900px) 100vw, 900px\" \/><\/p>\n<p><span style=\"color: #0000ff;\"><strong>La familia de Marina Paiva le agradeci\u00f3 al fiscal y al juez por escuchar su reclamo para impedir que el femicida contin\u00fae el cumplimiento de la condena en un domicilio de la ciudad.<\/strong><\/span><\/p>\n<p>Por unos 6 meses no podr\u00e1 volver a pedir otra audiencia, indic\u00f3 la hermana de la joven asesinada hace 6 a\u00f1os. La \u00faltima audiencia tuvo lugar el pasado 17 de marzo en los tribunales verenses.<\/p>\n<p>\u201cEn 2015 se la negaron, tambi\u00e9n 2 veces en 2019 y este a\u00f1o por cuarta vez se la volvieron a negar. No tenemos palabras para agradecerle al Fiscal Gustavo Latorre y al juez Gonzalo Basualdo que nos permite escucharnos\u201d, indic\u00f3.<\/p>\n<p><span style=\"color: #0000ff;\"><strong>LA CAUSA<\/strong><\/span><\/p>\n<p>Oscar Feliciano Gim\u00e9nez asumi\u00f3 la culpa por el homicidio de una joven de 27 a\u00f1os, ocurrido la madrugada del 21 de diciembre de 2013 en la ciudad de Calchaqu\u00ed. El juez penal Virgilio Palud ratific\u00f3 un acuerdo de juicio abreviado en el que Gim\u00e9nez acept\u00f3 la condena a 19 a\u00f1os de prisi\u00f3n por el delito de \u201chomicidio agravado, por haber sido cometido contra una persona con relaci\u00f3n de pareja, por alevos\u00eda y por el uso de arma de fuego\u201d.<\/p>\n<p>El hecho ocurrido en Calchaqu\u00ed y que causara gran conmoci\u00f3n en la comunidad, se produjo a la 1.15 de la ma\u00f1ana del s\u00e1bado 21 de diciembre de 2013, cuando Marina Gabriela Paiva transitaba en moto por bulevar Belgrano, entre las calles Ituzaing\u00f3 y Agust\u00edn P. Justo, y fue alcanzada por Gim\u00e9nez, que con una escopeta calibre 12 mm. dispar\u00f3 dos veces contra la v\u00edctima impactando una perdigonada en el casco y la segunda y fatal en la espalda.<\/p>\n<p>La mujer fue trasladada al hospital local donde falleci\u00f3 a causa de las graves heridas y casi de inmediato, Gim\u00e9nez fue detenido con el arma todav\u00eda en su poder.<\/p>\n","protected":false},"excerpt":{"rendered":"<p>La familia de Marina Paiva le agradeci\u00f3 al fiscal y al juez por escuchar su reclamo para impedir que el femicida contin\u00fae el cumplimiento de la condena en un domicilio de la&#46;&#46;&#46;<\/p>\n","protected":false},"author":1,"featured_media":6071,"comment_status":"closed","ping_status":"open","sticky":false,"template":"","format":"standard","meta":[],"categories":[2,3,10,8],"tags":[],"_links":{"self":[{"href":"https:\/\/www.revistarescatados.com.ar\/web\/wp-json\/wp\/v2\/posts\/8393"}],"collection":[{"href":"https:\/\/www.revistarescatados.com.ar\/web\/wp-json\/wp\/v2\/posts"}],"about":[{"href":"https:\/\/www.revistarescatados.com.ar\/web\/wp-json\/wp\/v2\/types\/post"}],"author":[{"embeddable":true,"href":"https:\/\/www.revistarescatados.com.ar\/web\/wp-json\/wp\/v2\/users\/1"}],"replies":[{"embeddable":true,"href":"https:\/\/www.revistarescatados.com.ar\/web\/wp-json\/wp\/v2\/comments?post=8393"}],"version-history":[{"count":2,"href":"https:\/\/www.revistarescatados.com.ar\/web\/wp-json\/wp\/v2\/posts\/8393\/revisions"}],"predecessor-version":[{"id":8395,"href":"https:\/\/www.revistarescatados.com.ar\/web\/wp-json\/wp\/v2\/posts\/8393\/revisions\/8395"}],"wp:featuredmedia":[{"embeddable":true,"href":"https:\/\/www.revistarescatados.com.ar\/web\/wp-json\/wp\/v2\/media\/6071"}],"wp:attachment":[{"href":"https:\/\/www.revistarescatados.com.ar\/web\/wp-json\/wp\/v2\/media?parent=8393"}],"wp:term":[{"taxonomy":"category","embeddable":true,"href":"https:\/\/www.revistarescatados.com.ar\/web\/wp-json\/wp\/v2\/categories?post=8393"},{"taxonomy":"post_tag","embeddable":true,"href":"https:\/\/www.revistarescatados.com.ar\/web\/wp-json\/wp\/v2\/tags?post=8393"}],"curies":[{"name":"wp","href":"https:\/\/api.w.org\/{rel}","templated":true}]}}