{"id":8411,"date":"2020-03-20T21:59:22","date_gmt":"2020-03-21T00:59:22","guid":{"rendered":"http:\/\/www.revistarescatados.com.ar\/web\/?p=8411"},"modified":"2020-03-20T21:59:22","modified_gmt":"2020-03-21T00:59:22","slug":"en-vera-se-imputaron-a-32-personas-por-violar-la-cuarentena-obligatoria","status":"publish","type":"post","link":"https:\/\/www.revistarescatados.com.ar\/web\/2020\/03\/20\/en-vera-se-imputaron-a-32-personas-por-violar-la-cuarentena-obligatoria\/","title":{"rendered":"En Vera se imputaron a 32 personas por violar la cuarentena obligatoria"},"content":{"rendered":"<p><img loading=\"lazy\" class=\"aligncenter size-full wp-image-8412\" src=\"http:\/\/www.revistarescatados.com.ar\/web\/wp-content\/uploads\/2020\/03\/motos-retenidas.jpg\" alt=\"\" width=\"720\" height=\"960\" srcset=\"https:\/\/www.revistarescatados.com.ar\/web\/wp-content\/uploads\/2020\/03\/motos-retenidas.jpg 720w, https:\/\/www.revistarescatados.com.ar\/web\/wp-content\/uploads\/2020\/03\/motos-retenidas-225x300.jpg 225w\" sizes=\"(max-width: 720px) 100vw, 720px\" \/><\/p>\n<p><span style=\"color: #0000ff;\"><strong>La polic\u00eda secuestr\u00f3 12 motocicletas, 8 bicicletas, un cami\u00f3n, un auto y una camioneta. Los operativos continuaran diariamente en diferentes pueblos y ciudades del departamento Vera.-<\/strong><\/span><\/p>\n<p>Mediante directivas dispuestas por la superioridad, personal policial de la Cria 1ra. Iniciaron actuaciones por infracci\u00f3n a los art 205 y 239 CPA.<\/p>\n<p>En diferentes operativos dispuestos en distintos lugares de la ciudad, se procedieron al secuestro de 12 motocicletas; 8 bicicletas; un cami\u00f3n; un auto y una camioneta. Hasta el momento son 32 personas imputadas en causa por los delitos de infracci\u00f3n a la salud p\u00fablica y desobediencia de orden judicial. Todos contin\u00faan en libertad conforme a lo ordenado por el fiscal en turno. Los operativos continuaran diariamente en diferentes pueblos y ciudades del departamento Vera.-<\/p>\n<p><strong>ART. 205 Y 239: INFRACCION SALUD PUBLICA Y DESOBEDIENCIA DE ORDEN JUDICIAL <\/strong><\/p>\n<p>Cap\u00edtulo IV del T\u00edtulo VII del C\u00f3digo Penal que tipifica los delitos contra la salud p\u00fablica. As\u00ed el art\u00edculo 205 dice que \u201cser\u00e1 reprimido con prisi\u00f3n de seis meses a dos a\u00f1os, el que violare las medidas adoptadas por las autoridades competentes, para impedir la introducci\u00f3n o propagaci\u00f3n de una epidemia&#8221;.<\/p>\n","protected":false},"excerpt":{"rendered":"<p>La polic\u00eda secuestr\u00f3 12 motocicletas, 8 bicicletas, un cami\u00f3n, un auto y una camioneta. Los operativos continuaran diariamente en diferentes pueblos y ciudades del departamento Vera.- Mediante directivas dispuestas por la superioridad,&#46;&#46;&#46;<\/p>\n","protected":false},"author":1,"featured_media":8412,"comment_status":"closed","ping_status":"open","sticky":false,"template":"","format":"standard","meta":[],"categories":[3,16,10,11],"tags":[],"_links":{"self":[{"href":"https:\/\/www.revistarescatados.com.ar\/web\/wp-json\/wp\/v2\/posts\/8411"}],"collection":[{"href":"https:\/\/www.revistarescatados.com.ar\/web\/wp-json\/wp\/v2\/posts"}],"about":[{"href":"https:\/\/www.revistarescatados.com.ar\/web\/wp-json\/wp\/v2\/types\/post"}],"author":[{"embeddable":true,"href":"https:\/\/www.revistarescatados.com.ar\/web\/wp-json\/wp\/v2\/users\/1"}],"replies":[{"embeddable":true,"href":"https:\/\/www.revistarescatados.com.ar\/web\/wp-json\/wp\/v2\/comments?post=8411"}],"version-history":[{"count":1,"href":"https:\/\/www.revistarescatados.com.ar\/web\/wp-json\/wp\/v2\/posts\/8411\/revisions"}],"predecessor-version":[{"id":8413,"href":"https:\/\/www.revistarescatados.com.ar\/web\/wp-json\/wp\/v2\/posts\/8411\/revisions\/8413"}],"wp:featuredmedia":[{"embeddable":true,"href":"https:\/\/www.revistarescatados.com.ar\/web\/wp-json\/wp\/v2\/media\/8412"}],"wp:attachment":[{"href":"https:\/\/www.revistarescatados.com.ar\/web\/wp-json\/wp\/v2\/media?parent=8411"}],"wp:term":[{"taxonomy":"category","embeddable":true,"href":"https:\/\/www.revistarescatados.com.ar\/web\/wp-json\/wp\/v2\/categories?post=8411"},{"taxonomy":"post_tag","embeddable":true,"href":"https:\/\/www.revistarescatados.com.ar\/web\/wp-json\/wp\/v2\/tags?post=8411"}],"curies":[{"name":"wp","href":"https:\/\/api.w.org\/{rel}","templated":true}]}}