{"id":8427,"date":"2020-03-22T21:21:04","date_gmt":"2020-03-23T00:21:04","guid":{"rendered":"http:\/\/www.revistarescatados.com.ar\/web\/?p=8427"},"modified":"2020-03-22T21:21:04","modified_gmt":"2020-03-23T00:21:04","slug":"los-cuatro-casos-confirmados-de-coronavirus-estan-aislados-y-con-buen-estado-de-salud-video","status":"publish","type":"post","link":"https:\/\/www.revistarescatados.com.ar\/web\/2020\/03\/22\/los-cuatro-casos-confirmados-de-coronavirus-estan-aislados-y-con-buen-estado-de-salud-video\/","title":{"rendered":"Los cuatro casos confirmados de coronavirus est\u00e1n aislados y \u201ccon buen estado de salud\u201d (video)"},"content":{"rendered":"<p><img loading=\"lazy\" class=\"aligncenter size-full wp-image-8368\" src=\"http:\/\/www.revistarescatados.com.ar\/web\/wp-content\/uploads\/2020\/03\/coronavirus-1.jpg\" alt=\"\" width=\"8001\" height=\"4501\" srcset=\"https:\/\/www.revistarescatados.com.ar\/web\/wp-content\/uploads\/2020\/03\/coronavirus-1.jpg 8001w, https:\/\/www.revistarescatados.com.ar\/web\/wp-content\/uploads\/2020\/03\/coronavirus-1-300x169.jpg 300w, https:\/\/www.revistarescatados.com.ar\/web\/wp-content\/uploads\/2020\/03\/coronavirus-1-768x432.jpg 768w, https:\/\/www.revistarescatados.com.ar\/web\/wp-content\/uploads\/2020\/03\/coronavirus-1-1024x576.jpg 1024w\" sizes=\"(max-width: 8001px) 100vw, 8001px\" \/><\/p>\n<p><span style=\"color: #0000ff;\"><strong>Adem\u00e1s, indicaron que hay 54 casos descartados y 56 en estudio.\u00a0B\u00e1sicamente se concentran 24 casos en Rosario y 13 en Santa Fe.<\/strong><\/span><\/p>\n<p>La secretaria de Salud de la provincia, Sonia Martorano, acompa\u00f1ada de su par de la Municipalidad de Rosario, Leonardo Caruana, actualizaron la informaci\u00f3n de datos en materia de detecci\u00f3n de casos en la lucha contra la pandemia COVID-19 (Coronavirus). \u201cCon un corte a las 10 de la ma\u00f1ana de este domingo, tenemos 114 de casos sospechosos, 54 descartados, y 4 casos positivos, dos de Rosario, uno en Rafaela y uno en Santa Fe. Todos con buen estado de salud y cumpliendo el aislamiento. Adem\u00e1s, tenemos 56 casos sospechosos en estudio\u201d, confirm\u00f3 Martorano.<br \/>\nDe estos \u00faltimos, dijo la funcionaria, \u201chay una distribuci\u00f3n en la provincia, pero b\u00e1sicamente se concentran 24 casos en Rosario y 13 en Santa Fe\u201d.<\/p>\n<p>Por otro lado, Martorano indic\u00f3 que \u201cjunto a la Municipalidad de Rosario se ha hecho un trabajo muy importante sobre un tema que puso en vilo a ciudad, que fue la llegada de un contingente de estudiantes que ven\u00eda de viaje desde el exterior. Este grupo de adolescentes ya complet\u00f3 esa cuarentena de 14 d\u00edas, y gracias a la rector\u00eda del Estado provincial y municipal, que trabaj\u00f3 en forma conjunta, no tenemos ning\u00fan caso infectado\u201d.<\/p>\n<p>A su turno, Caruana remarc\u00f3 que \u201clos dos casos confirmados en la ciudad han evolucionado favorablemente; tenemos 24 casos en lista de confirmaci\u00f3n, y por eso estamos trabajando en la capacitaci\u00f3n de los equipos del Centro de Especialidades M\u00e9dicas para realizar toda la capacitaci\u00f3n. El CEMAR est\u00e1 preparado para recibir los reactivos y poder hacer las confirmaciones, algo que nos va a permitir tener una cercan\u00eda y un diagn\u00f3stico mucho m\u00e1s temprano del que estamos teniendo hasta ahora\u201d.<\/p>\n<div style=\"width: 640px;\" class=\"wp-video\"><!--[if lt IE 9]><script>document.createElement('video');<\/script><![endif]-->\n<video class=\"wp-video-shortcode\" id=\"video-8427-1\" width=\"640\" height=\"360\" preload=\"metadata\" controls=\"controls\"><source type=\"video\/mp4\" src=\"https:\/\/www.santafe.gov.ar\/noticias\/recursos\/videosHD\/2020\/03\/2020-03-22NID_267215O_1.mp4?_=1\" \/><a href=\"https:\/\/www.santafe.gov.ar\/noticias\/recursos\/videosHD\/2020\/03\/2020-03-22NID_267215O_1.mp4\">https:\/\/www.santafe.gov.ar\/noticias\/recursos\/videosHD\/2020\/03\/2020-03-22NID_267215O_1.mp4<\/a><\/video><\/div>\n<p>Por otro lado, el funcionario municipal insisti\u00f3 con la importancia del autoaislamiento. \u201cNo tener casos sospechosos cercanos a los confirmados, significa que la persona que se confirm\u00f3 se autoaisl\u00f3, y despu\u00e9s todo lo hizo respetando las normas de distanciamiento. Y eso es el ejemplo que tenemos que llevar a otros. Por eso la responsabilidad es muy importante y seguimos insistiendo en el distanciamiento social\u201d.<\/p>\n<p>De la conferencia de prensa particip\u00f3 tambi\u00e9n la vicegobernadora Alejandra Rodenas, quien exhort\u00f3 a pensar que \u201cestamos en un nuevo escenario, y tenemos que estar satisfechos y orgullosos de las medidas que se ha tomado, tanto a nivel nacional, como provincial y municipal. Pero esto debe traducirse en acciones positivas: nos tenemos que cuidar, para cuidar tambi\u00e9n a los que tenemos al lado; depende de todos y de cada uno de nosotros\u201d.<\/p>\n<p>Por su parte, el secretario de Turismo de la provincia, Alejandro Grandinetti, valor\u00f3 las medidas del gobernador Omar Perotti, entre ellas, \u201clos tres mil pesos durante marzo para todos aquellos que est\u00e1n trabajando en el \u00e1rea de Salud, para el personal de Seguridad, y para aquellos que trabajan en Educaci\u00f3n, que est\u00e1n manteniendo los comedores escolares y merenderos abiertos, y tambi\u00e9n para los profesionales m\u00e9dicos monotributistas, que recibir\u00e1n un aumento del 30 por ciento a partir de este mes de marzo\u201d.<\/p>\n<p>Para cerrar, Martorano explic\u00f3 que \u201cla presencia del conteiner que se est\u00e1 colocando en el Hospital Provincial de Rosario tiene que ver con que todos los pacientes con problemas respiratorios puedan tener un ingreso en un \u00e1rea espec\u00edfica y no ingresen directamente al hospital. Es decir, tiene que ver con un mayor aislamiento, contenci\u00f3n y atenci\u00f3n en un \u00e1rea previa o prehospitalaria, para permitir menor circulaci\u00f3n de este tipo de pacientes y una menor circulaci\u00f3n viral. Es un tema que nos tranquiliza, porque va a separar a los pacientes respiratorios del resto\u201d.<\/p>\n","protected":false},"excerpt":{"rendered":"<p>Adem\u00e1s, indicaron que hay 54 casos descartados y 56 en estudio.\u00a0B\u00e1sicamente se concentran 24 casos en Rosario y 13 en Santa Fe. La secretaria de Salud de la provincia, Sonia Martorano, acompa\u00f1ada&#46;&#46;&#46;<\/p>\n","protected":false},"author":1,"featured_media":8368,"comment_status":"closed","ping_status":"open","sticky":false,"template":"","format":"standard","meta":[],"categories":[10,12,9],"tags":[],"_links":{"self":[{"href":"https:\/\/www.revistarescatados.com.ar\/web\/wp-json\/wp\/v2\/posts\/8427"}],"collection":[{"href":"https:\/\/www.revistarescatados.com.ar\/web\/wp-json\/wp\/v2\/posts"}],"about":[{"href":"https:\/\/www.revistarescatados.com.ar\/web\/wp-json\/wp\/v2\/types\/post"}],"author":[{"embeddable":true,"href":"https:\/\/www.revistarescatados.com.ar\/web\/wp-json\/wp\/v2\/users\/1"}],"replies":[{"embeddable":true,"href":"https:\/\/www.revistarescatados.com.ar\/web\/wp-json\/wp\/v2\/comments?post=8427"}],"version-history":[{"count":1,"href":"https:\/\/www.revistarescatados.com.ar\/web\/wp-json\/wp\/v2\/posts\/8427\/revisions"}],"predecessor-version":[{"id":8428,"href":"https:\/\/www.revistarescatados.com.ar\/web\/wp-json\/wp\/v2\/posts\/8427\/revisions\/8428"}],"wp:featuredmedia":[{"embeddable":true,"href":"https:\/\/www.revistarescatados.com.ar\/web\/wp-json\/wp\/v2\/media\/8368"}],"wp:attachment":[{"href":"https:\/\/www.revistarescatados.com.ar\/web\/wp-json\/wp\/v2\/media?parent=8427"}],"wp:term":[{"taxonomy":"category","embeddable":true,"href":"https:\/\/www.revistarescatados.com.ar\/web\/wp-json\/wp\/v2\/categories?post=8427"},{"taxonomy":"post_tag","embeddable":true,"href":"https:\/\/www.revistarescatados.com.ar\/web\/wp-json\/wp\/v2\/tags?post=8427"}],"curies":[{"name":"wp","href":"https:\/\/api.w.org\/{rel}","templated":true}]}}