{"id":8450,"date":"2020-03-23T23:16:25","date_gmt":"2020-03-24T02:16:25","guid":{"rendered":"http:\/\/www.revistarescatados.com.ar\/web\/?p=8450"},"modified":"2020-03-23T23:16:25","modified_gmt":"2020-03-24T02:16:25","slug":"la-provincia-establecio-un-permiso-de-circulacion-para-trabajadores-privados","status":"publish","type":"post","link":"https:\/\/www.revistarescatados.com.ar\/web\/2020\/03\/23\/la-provincia-establecio-un-permiso-de-circulacion-para-trabajadores-privados\/","title":{"rendered":"La provincia estableci\u00f3 un permiso de circulaci\u00f3n para trabajadores privados"},"content":{"rendered":"<p>&nbsp;<\/p>\n<p><img loading=\"lazy\" class=\"aligncenter size-full wp-image-8453\" src=\"http:\/\/www.revistarescatados.com.ar\/web\/wp-content\/uploads\/2020\/03\/control-coronavirus.jpg\" alt=\"\" width=\"1256\" height=\"619\" srcset=\"https:\/\/www.revistarescatados.com.ar\/web\/wp-content\/uploads\/2020\/03\/control-coronavirus.jpg 1256w, https:\/\/www.revistarescatados.com.ar\/web\/wp-content\/uploads\/2020\/03\/control-coronavirus-300x148.jpg 300w, https:\/\/www.revistarescatados.com.ar\/web\/wp-content\/uploads\/2020\/03\/control-coronavirus-768x378.jpg 768w, https:\/\/www.revistarescatados.com.ar\/web\/wp-content\/uploads\/2020\/03\/control-coronavirus-1024x505.jpg 1024w\" sizes=\"(max-width: 1256px) 100vw, 1256px\" \/><br \/>\n<span style=\"color: #0000ff;\"><strong>Deber\u00e1n justificar la situaci\u00f3n de excepci\u00f3n a la medida de aislamiento dispuesta por la Naci\u00f3n.\u00a0El certificado solo tiene validez acompa\u00f1ado por DNI y la Constancia de Alta del trabajador ante la AFIP.<\/strong><\/span><\/p>\n<p>A trav\u00e9s de la resoluci\u00f3n 40\/2020, el Ministerio de Trabajo, Empleo y Seguridad Social de la Provincia de Santa Fe, establece una modalidad (permiso de circulaci\u00f3n) para las personas que trabajen en actividades vinculadas a las permitidas en el art. 6 del DNU N\u00ba 297\/20 que deban y puedan justificar la situaci\u00f3n de excepci\u00f3n a la medida de aislamiento dispuesta.<br \/>\nEn el Decreto N\u00b0 297\/2020, el PODER EJECUTIVO NACIONAL dispone el aislamiento social, preventivo y obligatorio para todas las personas que habitan en el pa\u00eds o se encuentren en \u00e9l en forma temporaria, entendiendo que las medidas de aislamiento y distanciamiento social revisten un rol de vital importancia para hacer frente a la situaci\u00f3n epidemiol\u00f3gica y mitigar el impacto de sanitario del COVID-19.<\/p>\n<p>En el mencionado Decreto se except\u00faa del cumplimiento del aislamiento social preventivo y obligatorio de la prohibici\u00f3n de circular a ciertas personas afectadas a una serie de actividades o servicios declarados esenciales en la emergencia, exclusivamente limitados al estricto cumplimiento de aquellas actividades o servicios, seg\u00fan el art\u00edculo 6\u00b0. Que entre aquellas excepciones se encuentran trabajadores y trabajadoras que realizan taras vinculadas a las consideradas como cr\u00edticas y esenciales, como ser las actividades de producci\u00f3n, circulaci\u00f3n y comercializaci\u00f3n de alimentos y bebidas, actividades de telecomunicaciones, internet fija y m\u00f3vil y servicios digitales; reparto a domicilio de alimentos, medicamentos, productos de higiene, de limpieza y otros insumos de necesidad; servicios de lavander\u00eda; servicios postales y de distribuci\u00f3n de paqueter\u00eda; servicios esenciales de vigilancia, limpieza y guardia; las personas que deban asistir a otras con discapacidad; familiares que necesiten asistencia; a personas mayores; a ni\u00f1os, a ni\u00f1as y a adolescentes, y dem\u00e1s casos contemplados en el art. 6 del DNU en cuesti\u00f3n.<\/p>\n<p>*El certificado solo tiene validez acompa\u00f1ado por DNI y la Constancia de Alta del trabajador ante la AFIP*<\/p>\n<p><a href=\"https:\/\/www.santafe.gob.ar\/noticias\/recursos\/documentos\/2020\/03\/2020-03-23NID_267225O_1.pdf\"><span style=\"color: #0000ff;\"><strong>SE ADJUNTA PERMISO<\/strong><\/span><\/a><\/p>\n","protected":false},"excerpt":{"rendered":"<p>&nbsp; Deber\u00e1n justificar la situaci\u00f3n de excepci\u00f3n a la medida de aislamiento dispuesta por la Naci\u00f3n.\u00a0El certificado solo tiene validez acompa\u00f1ado por DNI y la Constancia de Alta del trabajador ante la&#46;&#46;&#46;<\/p>\n","protected":false},"author":1,"featured_media":8453,"comment_status":"closed","ping_status":"open","sticky":false,"template":"","format":"standard","meta":[],"categories":[10,12,8],"tags":[],"_links":{"self":[{"href":"https:\/\/www.revistarescatados.com.ar\/web\/wp-json\/wp\/v2\/posts\/8450"}],"collection":[{"href":"https:\/\/www.revistarescatados.com.ar\/web\/wp-json\/wp\/v2\/posts"}],"about":[{"href":"https:\/\/www.revistarescatados.com.ar\/web\/wp-json\/wp\/v2\/types\/post"}],"author":[{"embeddable":true,"href":"https:\/\/www.revistarescatados.com.ar\/web\/wp-json\/wp\/v2\/users\/1"}],"replies":[{"embeddable":true,"href":"https:\/\/www.revistarescatados.com.ar\/web\/wp-json\/wp\/v2\/comments?post=8450"}],"version-history":[{"count":1,"href":"https:\/\/www.revistarescatados.com.ar\/web\/wp-json\/wp\/v2\/posts\/8450\/revisions"}],"predecessor-version":[{"id":8454,"href":"https:\/\/www.revistarescatados.com.ar\/web\/wp-json\/wp\/v2\/posts\/8450\/revisions\/8454"}],"wp:featuredmedia":[{"embeddable":true,"href":"https:\/\/www.revistarescatados.com.ar\/web\/wp-json\/wp\/v2\/media\/8453"}],"wp:attachment":[{"href":"https:\/\/www.revistarescatados.com.ar\/web\/wp-json\/wp\/v2\/media?parent=8450"}],"wp:term":[{"taxonomy":"category","embeddable":true,"href":"https:\/\/www.revistarescatados.com.ar\/web\/wp-json\/wp\/v2\/categories?post=8450"},{"taxonomy":"post_tag","embeddable":true,"href":"https:\/\/www.revistarescatados.com.ar\/web\/wp-json\/wp\/v2\/tags?post=8450"}],"curies":[{"name":"wp","href":"https:\/\/api.w.org\/{rel}","templated":true}]}}