{"id":8455,"date":"2020-03-23T23:36:01","date_gmt":"2020-03-24T02:36:01","guid":{"rendered":"http:\/\/www.revistarescatados.com.ar\/web\/?p=8455"},"modified":"2020-03-23T23:36:01","modified_gmt":"2020-03-24T02:36:01","slug":"hubo-173-detenidos-en-el-departamento-vera-por-violar-la-cuarentena","status":"publish","type":"post","link":"https:\/\/www.revistarescatados.com.ar\/web\/2020\/03\/23\/hubo-173-detenidos-en-el-departamento-vera-por-violar-la-cuarentena\/","title":{"rendered":"Hubo 173 detenidos en el departamento Vera por violar la cuarentena"},"content":{"rendered":"<p><img loading=\"lazy\" class=\"aligncenter size-full wp-image-8456\" src=\"http:\/\/www.revistarescatados.com.ar\/web\/wp-content\/uploads\/2020\/03\/Motros-retenidas-en-Calchaqu\u00ed.jpg\" alt=\"\" width=\"960\" height=\"720\" srcset=\"https:\/\/www.revistarescatados.com.ar\/web\/wp-content\/uploads\/2020\/03\/Motros-retenidas-en-Calchaqu\u00ed.jpg 960w, https:\/\/www.revistarescatados.com.ar\/web\/wp-content\/uploads\/2020\/03\/Motros-retenidas-en-Calchaqu\u00ed-300x225.jpg 300w, https:\/\/www.revistarescatados.com.ar\/web\/wp-content\/uploads\/2020\/03\/Motros-retenidas-en-Calchaqu\u00ed-768x576.jpg 768w\" sizes=\"(max-width: 960px) 100vw, 960px\" \/><\/p>\n<p><span style=\"color: #0000ff;\"><strong>Si bien fueron imputados por los delitos, contin\u00faan en libertad; aunque muchos de sus veh\u00edculos han sido secuestrados, como lo muestra la imagen de motos retenidas en Calchaqu\u00ed. <\/strong><\/span><\/p>\n<p>Mediante directivas dispuestas por la superioridad, en relaci\u00f3n a infracci\u00f3n de los art. 205 y 239 ( infracci\u00f3n salud p\u00fablica y desobediencia orden judicial) en los diferentes operativos dispuestos en las localidades del departamento Vera procedieron a la aprehensi\u00f3n de 173 personas.<\/p>\n<p>Fueron imputadas en causa por los delitos mencionados y contin\u00faan todos en libertad conforme a lo ordenado por el fiscal en turno. Los operativos continuaran diariamente y en diferentes pueblos y ciudades del departamento Vera.<\/p>\n<p>En virtud al decreto municipal n\u00ba 12\/2020 del municipio verense hasta el 31 de marzo inclusive se cortan los accesos a la ciudad de Vera para ingreso y\/o egreso de las personas que no residan en ellas. El ingreso o egreso excepcional solo se disponen en ruta nacional n\u00ba 11 y avenida presidente Per\u00f3n como as\u00ed ruta nacional n\u00ba 11 ingreso ciudad de Vera. Ser\u00e1 controlada por personal de Inspectores Municipales y fuerzas de seguridad de la URXIX.<\/p>\n","protected":false},"excerpt":{"rendered":"<p>Si bien fueron imputados por los delitos, contin\u00faan en libertad; aunque muchos de sus veh\u00edculos han sido secuestrados, como lo muestra la imagen de motos retenidas en Calchaqu\u00ed. Mediante directivas dispuestas por&#46;&#46;&#46;<\/p>\n","protected":false},"author":1,"featured_media":8456,"comment_status":"closed","ping_status":"open","sticky":false,"template":"","format":"standard","meta":[],"categories":[2,3,11],"tags":[],"_links":{"self":[{"href":"https:\/\/www.revistarescatados.com.ar\/web\/wp-json\/wp\/v2\/posts\/8455"}],"collection":[{"href":"https:\/\/www.revistarescatados.com.ar\/web\/wp-json\/wp\/v2\/posts"}],"about":[{"href":"https:\/\/www.revistarescatados.com.ar\/web\/wp-json\/wp\/v2\/types\/post"}],"author":[{"embeddable":true,"href":"https:\/\/www.revistarescatados.com.ar\/web\/wp-json\/wp\/v2\/users\/1"}],"replies":[{"embeddable":true,"href":"https:\/\/www.revistarescatados.com.ar\/web\/wp-json\/wp\/v2\/comments?post=8455"}],"version-history":[{"count":1,"href":"https:\/\/www.revistarescatados.com.ar\/web\/wp-json\/wp\/v2\/posts\/8455\/revisions"}],"predecessor-version":[{"id":8457,"href":"https:\/\/www.revistarescatados.com.ar\/web\/wp-json\/wp\/v2\/posts\/8455\/revisions\/8457"}],"wp:featuredmedia":[{"embeddable":true,"href":"https:\/\/www.revistarescatados.com.ar\/web\/wp-json\/wp\/v2\/media\/8456"}],"wp:attachment":[{"href":"https:\/\/www.revistarescatados.com.ar\/web\/wp-json\/wp\/v2\/media?parent=8455"}],"wp:term":[{"taxonomy":"category","embeddable":true,"href":"https:\/\/www.revistarescatados.com.ar\/web\/wp-json\/wp\/v2\/categories?post=8455"},{"taxonomy":"post_tag","embeddable":true,"href":"https:\/\/www.revistarescatados.com.ar\/web\/wp-json\/wp\/v2\/tags?post=8455"}],"curies":[{"name":"wp","href":"https:\/\/api.w.org\/{rel}","templated":true}]}}