{"id":8567,"date":"2020-03-30T20:58:13","date_gmt":"2020-03-30T23:58:13","guid":{"rendered":"http:\/\/www.revistarescatados.com.ar\/web\/?p=8567"},"modified":"2020-03-30T20:58:13","modified_gmt":"2020-03-30T23:58:13","slug":"cuidarte-es-cuidarnos-el-spot-de-los-adultos-mayores-en-el-geriatrico-de-calchaqui-video","status":"publish","type":"post","link":"https:\/\/www.revistarescatados.com.ar\/web\/2020\/03\/30\/cuidarte-es-cuidarnos-el-spot-de-los-adultos-mayores-en-el-geriatrico-de-calchaqui-video\/","title":{"rendered":"\u201cCuidarte es cuidarnos\u201d: el spot de los adultos mayores en el geri\u00e1trico de Calchaqu\u00ed (video)"},"content":{"rendered":"<p><img loading=\"lazy\" class=\"aligncenter size-full wp-image-8568\" src=\"http:\/\/www.revistarescatados.com.ar\/web\/wp-content\/uploads\/2020\/03\/hogar-de-ancianos.jpg\" alt=\"\" width=\"1383\" height=\"922\" srcset=\"https:\/\/www.revistarescatados.com.ar\/web\/wp-content\/uploads\/2020\/03\/hogar-de-ancianos.jpg 1383w, https:\/\/www.revistarescatados.com.ar\/web\/wp-content\/uploads\/2020\/03\/hogar-de-ancianos-300x200.jpg 300w, https:\/\/www.revistarescatados.com.ar\/web\/wp-content\/uploads\/2020\/03\/hogar-de-ancianos-768x512.jpg 768w, https:\/\/www.revistarescatados.com.ar\/web\/wp-content\/uploads\/2020\/03\/hogar-de-ancianos-1024x683.jpg 1024w\" sizes=\"(max-width: 1383px) 100vw, 1383px\" \/><\/p>\n<p><span style=\"color: #0000ff;\"><strong>Bajo la consigna #QuedateenCasa, los residentes y personal del Hogar \u201cSan Antonio de Padua\u201d grabaron un video que r\u00e1pidamente se comparti\u00f3 en las redes sociales.<\/strong><\/span><\/p>\n<p>Sosteniendo carteles y a viva voz, cada uno fue recitando palabras del mensaje. <em><strong>\u201cSomos adultos mayores del Hogar San Antonio de Padua, les decimos es tiempo de escondernos. Cuidate. Quedate en casa. Para poder volvernos a abrazar, cuidanos. Al virus lo frenamos entre todos. Cuidate. Cuidanos. \u00a0Quedate en casa\u201d.<\/strong><\/em><\/p>\n<div id=\"fb-root\"><\/div>\n<p><script async=\"1\" defer=\"1\" crossorigin=\"anonymous\" src=\"https:\/\/connect.facebook.net\/en_US\/sdk.js#xfbml=1&amp;version=v6.0\"><\/script><\/p>\n<div class=\"fb-video\" data-href=\"https:\/\/www.facebook.com\/rescatados.calchaqui.5\/videos\/249042759569355\/\" data-width=\"500\">\n<blockquote cite=\"https:\/\/www.facebook.com\/rescatados.calchaqui.5\/videos\/249042759569355\/\" class=\"fb-xfbml-parse-ignore\"><p><a href=\"https:\/\/www.facebook.com\/rescatados.calchaqui.5\/videos\/249042759569355\/\">Hogar San Antonio de Padua<\/a><\/p>\n<p>#QuedateenCasa Los abuelos de Calchaqui dejan su mensaje en la cuarentena.<\/p>\n<p>Posted by <a href=\"https:\/\/www.facebook.com\/rescatados.calchaqui.5\/\">Rescatados Television &#8211; Calchaqui<\/a> on Monday, March 30, 2020<\/p><\/blockquote>\n<\/div>\n<p>Sin dudas, la cuarentena se ha extremado en la residencia, ya que su poblaci\u00f3n tiene un alto riesgo de vida ante el avance del coronavirus. Cabe destacar, que esta pandemia afecta muy especialmente a los adultos mayores, siendo las principales v\u00edctimas fatales de la enfermedad.<\/p>\n<p>En el anuncio de la extensi\u00f3n de la cuarentena obligatoria, el presidente de la naci\u00f3n Alberto Fern\u00e1ndez hizo especial hincapi\u00e9 en cuidado de nuestros mayores.<\/p>\n","protected":false},"excerpt":{"rendered":"<p>Bajo la consigna #QuedateenCasa, los residentes y personal del Hogar \u201cSan Antonio de Padua\u201d grabaron un video que r\u00e1pidamente se comparti\u00f3 en las redes sociales. Sosteniendo carteles y a viva voz, cada&#46;&#46;&#46;<\/p>\n","protected":false},"author":1,"featured_media":8568,"comment_status":"closed","ping_status":"open","sticky":false,"template":"","format":"standard","meta":[],"categories":[2,3,10,8],"tags":[],"_links":{"self":[{"href":"https:\/\/www.revistarescatados.com.ar\/web\/wp-json\/wp\/v2\/posts\/8567"}],"collection":[{"href":"https:\/\/www.revistarescatados.com.ar\/web\/wp-json\/wp\/v2\/posts"}],"about":[{"href":"https:\/\/www.revistarescatados.com.ar\/web\/wp-json\/wp\/v2\/types\/post"}],"author":[{"embeddable":true,"href":"https:\/\/www.revistarescatados.com.ar\/web\/wp-json\/wp\/v2\/users\/1"}],"replies":[{"embeddable":true,"href":"https:\/\/www.revistarescatados.com.ar\/web\/wp-json\/wp\/v2\/comments?post=8567"}],"version-history":[{"count":1,"href":"https:\/\/www.revistarescatados.com.ar\/web\/wp-json\/wp\/v2\/posts\/8567\/revisions"}],"predecessor-version":[{"id":8569,"href":"https:\/\/www.revistarescatados.com.ar\/web\/wp-json\/wp\/v2\/posts\/8567\/revisions\/8569"}],"wp:featuredmedia":[{"embeddable":true,"href":"https:\/\/www.revistarescatados.com.ar\/web\/wp-json\/wp\/v2\/media\/8568"}],"wp:attachment":[{"href":"https:\/\/www.revistarescatados.com.ar\/web\/wp-json\/wp\/v2\/media?parent=8567"}],"wp:term":[{"taxonomy":"category","embeddable":true,"href":"https:\/\/www.revistarescatados.com.ar\/web\/wp-json\/wp\/v2\/categories?post=8567"},{"taxonomy":"post_tag","embeddable":true,"href":"https:\/\/www.revistarescatados.com.ar\/web\/wp-json\/wp\/v2\/tags?post=8567"}],"curies":[{"name":"wp","href":"https:\/\/api.w.org\/{rel}","templated":true}]}}