{"id":8614,"date":"2020-04-03T01:54:37","date_gmt":"2020-04-03T04:54:37","guid":{"rendered":"http:\/\/www.revistarescatados.com.ar\/web\/?p=8614"},"modified":"2020-04-03T01:54:37","modified_gmt":"2020-04-03T04:54:37","slug":"rechazaron-el-pedido-de-libertad-condicional-solicitado-por-la-defensa-de-un-condenado-de-la-gallareta","status":"publish","type":"post","link":"https:\/\/www.revistarescatados.com.ar\/web\/2020\/04\/03\/rechazaron-el-pedido-de-libertad-condicional-solicitado-por-la-defensa-de-un-condenado-de-la-gallareta\/","title":{"rendered":"Rechazaron el pedido de libertad condicional solicitado por la Defensa de un condenado de La Gallareta"},"content":{"rendered":"<p><img loading=\"lazy\" class=\"aligncenter size-full wp-image-1498\" src=\"http:\/\/www.revistarescatados.com.ar\/web\/wp-content\/uploads\/2018\/08\/Tribunales.jpg\" alt=\"\" width=\"1024\" height=\"529\" srcset=\"https:\/\/www.revistarescatados.com.ar\/web\/wp-content\/uploads\/2018\/08\/Tribunales.jpg 1024w, https:\/\/www.revistarescatados.com.ar\/web\/wp-content\/uploads\/2018\/08\/Tribunales-300x155.jpg 300w, https:\/\/www.revistarescatados.com.ar\/web\/wp-content\/uploads\/2018\/08\/Tribunales-768x397.jpg 768w\" sizes=\"(max-width: 1024px) 100vw, 1024px\" \/><\/p>\n<p><strong><span style=\"color: #0000ff;\">La abogada defensora del Servicio P\u00fablico fund\u00f3 el planteo en que su defendido Gustavo Altamirano ya cumpli\u00f3 dos tercios del tiempo de la condena que se le impuso y en la pandemia del coronavirus. El fiscal Gustavo Latorre se opuso a los dos argumentos. El juez Gustavo Gon resolvi\u00f3 rechazar el pedido.<\/span><\/strong><\/p>\n<p>El juez de Vera Gustavo Gon rechaz\u00f3 un pedido de libertad condicional planteado por la Defensa de Gustavo Altamirano \u2013de 24 a\u00f1os\u2013 condenado a tres a\u00f1os y ocho meses de prisi\u00f3n como autor de una tentativa de homicidio cometida en La Gallareta (departamento Vera). As\u00ed lo resolvi\u00f3 el magistrado en una audiencia realizada en la ma\u00f1ana de hoy de forma remota a trav\u00e9s del dispositivo Zoom.<\/p>\n<p>El fiscal que represent\u00f3 al MPA en la audiencia es Gustavo Latorre. El funcionario del MPA explic\u00f3 que \u201cla abogada defensora del Servicio P\u00fablico Provincial de la Defensa Penal (SPPDP) fund\u00f3 su pedido en dos argumentos. Por un lado, sostuvo que ya se cumplieron dos tercios de la condena impuesta a Altamirano, y tambi\u00e9n refiri\u00f3 a la pandemia del coronavirus\u201d.<\/p>\n<p>\u201cNos opusimos a los dos argumentos\u201d, sostuvo Latorre. \u201cSi bien es cierto que ya est\u00e1n cumplidos los dos tercios de la condena, los informes de conducta de Altamirano no son positivos\u201d, agreg\u00f3.<\/p>\n<p>\u201cEn relaci\u00f3n a la cuesti\u00f3n sanitaria esgrimida por la defensora, sostuvimos que Altamirano no est\u00e1 incluido en los denominados grupos de riesgo, no tiene antecedentes de enfermedades y tiene 24 a\u00f1os\u201d, destac\u00f3 el fiscal. Asimismo, concluy\u00f3 que \u201cla dependencia del servicio penitenciario en la que est\u00e1 alojado \u2013la Unidad Penitenciaria n\u00famero 10 de Santa Felicia\u2013 cuenta con el personal de salud y con los elementos suficientes para realizar las atenciones sanitarias correspondientes\u201d.<\/p>\n<p><span style=\"color: #0000ff;\"><strong>A distancia<\/strong><\/span><\/p>\n<p>En la audiencia realizada esta ma\u00f1ana, el juez Gon estaba en dependencias del Poder Judicial en Vera; el fiscal en su domicilio particular; la defensora en su oficina del SPPDP; el condenado en la c\u00e1rcel en la que est\u00e1 alojado y el operador en la Oficina de Gesti\u00f3n Judicial (OGJ)<\/p>\n","protected":false},"excerpt":{"rendered":"<p>La abogada defensora del Servicio P\u00fablico fund\u00f3 el planteo en que su defendido Gustavo Altamirano ya cumpli\u00f3 dos tercios del tiempo de la condena que se le impuso y en la pandemia&#46;&#46;&#46;<\/p>\n","protected":false},"author":1,"featured_media":1498,"comment_status":"closed","ping_status":"open","sticky":false,"template":"","format":"standard","meta":[],"categories":[3,10],"tags":[],"_links":{"self":[{"href":"https:\/\/www.revistarescatados.com.ar\/web\/wp-json\/wp\/v2\/posts\/8614"}],"collection":[{"href":"https:\/\/www.revistarescatados.com.ar\/web\/wp-json\/wp\/v2\/posts"}],"about":[{"href":"https:\/\/www.revistarescatados.com.ar\/web\/wp-json\/wp\/v2\/types\/post"}],"author":[{"embeddable":true,"href":"https:\/\/www.revistarescatados.com.ar\/web\/wp-json\/wp\/v2\/users\/1"}],"replies":[{"embeddable":true,"href":"https:\/\/www.revistarescatados.com.ar\/web\/wp-json\/wp\/v2\/comments?post=8614"}],"version-history":[{"count":1,"href":"https:\/\/www.revistarescatados.com.ar\/web\/wp-json\/wp\/v2\/posts\/8614\/revisions"}],"predecessor-version":[{"id":8615,"href":"https:\/\/www.revistarescatados.com.ar\/web\/wp-json\/wp\/v2\/posts\/8614\/revisions\/8615"}],"wp:featuredmedia":[{"embeddable":true,"href":"https:\/\/www.revistarescatados.com.ar\/web\/wp-json\/wp\/v2\/media\/1498"}],"wp:attachment":[{"href":"https:\/\/www.revistarescatados.com.ar\/web\/wp-json\/wp\/v2\/media?parent=8614"}],"wp:term":[{"taxonomy":"category","embeddable":true,"href":"https:\/\/www.revistarescatados.com.ar\/web\/wp-json\/wp\/v2\/categories?post=8614"},{"taxonomy":"post_tag","embeddable":true,"href":"https:\/\/www.revistarescatados.com.ar\/web\/wp-json\/wp\/v2\/tags?post=8614"}],"curies":[{"name":"wp","href":"https:\/\/api.w.org\/{rel}","templated":true}]}}