{"id":8616,"date":"2020-04-03T02:08:15","date_gmt":"2020-04-03T05:08:15","guid":{"rendered":"http:\/\/www.revistarescatados.com.ar\/web\/?p=8616"},"modified":"2020-04-03T02:08:15","modified_gmt":"2020-04-03T05:08:15","slug":"es-favorable-la-paciente-verense-enferma-de-coronavirus","status":"publish","type":"post","link":"https:\/\/www.revistarescatados.com.ar\/web\/2020\/04\/03\/es-favorable-la-paciente-verense-enferma-de-coronavirus\/","title":{"rendered":"Es favorable la paciente verense enferma de coronavirus"},"content":{"rendered":"<p><img loading=\"lazy\" class=\"aligncenter size-full wp-image-7248\" src=\"http:\/\/www.revistarescatados.com.ar\/web\/wp-content\/uploads\/2019\/11\/Hospital-de-Reconquista.jpg\" alt=\"\" width=\"1140\" height=\"640\" srcset=\"https:\/\/www.revistarescatados.com.ar\/web\/wp-content\/uploads\/2019\/11\/Hospital-de-Reconquista.jpg 1140w, https:\/\/www.revistarescatados.com.ar\/web\/wp-content\/uploads\/2019\/11\/Hospital-de-Reconquista-300x168.jpg 300w, https:\/\/www.revistarescatados.com.ar\/web\/wp-content\/uploads\/2019\/11\/Hospital-de-Reconquista-768x431.jpg 768w, https:\/\/www.revistarescatados.com.ar\/web\/wp-content\/uploads\/2019\/11\/Hospital-de-Reconquista-1024x575.jpg 1024w\" sizes=\"(max-width: 1140px) 100vw, 1140px\" \/><\/p>\n<p><span style=\"color: #0000ff;\"><strong>El Comit\u00e9 de Crisis y Seguimiento Sanitario del Coronavirus Covid-19 de Reconquista, a trav\u00e9s del Hospital Central de informa que la paciente, de 58 a\u00f1os de edad, derivada de Vera el s\u00e1bado 28 de marzo con diagn\u00f3stico positivo de coronavirus (2019-nCoV), cursas su quinto d\u00eda de internaci\u00f3n en Sala de Aislamiento.<\/strong><\/span><\/p>\n<p>Con diagn\u00f3stico de neumon\u00eda grave por infecci\u00f3n por COVID-19, a la momento de emitir este comunicado, se encuentra con evoluci\u00f3n favorable.<\/p>\n<p>Se informa a la ciudadan\u00eda que se cumplen debidamente las medidas de aislamiento de la paciente, que por su evoluci\u00f3n, pas\u00f3 a Cl\u00ednica del HCR, y todos los protocolos tendientes al cuidado del resto de los pacientes internados y del personal.<\/p>\n","protected":false},"excerpt":{"rendered":"<p>El Comit\u00e9 de Crisis y Seguimiento Sanitario del Coronavirus Covid-19 de Reconquista, a trav\u00e9s del Hospital Central de informa que la paciente, de 58 a\u00f1os de edad, derivada de Vera el s\u00e1bado&#46;&#46;&#46;<\/p>\n","protected":false},"author":1,"featured_media":7248,"comment_status":"closed","ping_status":"open","sticky":false,"template":"","format":"standard","meta":[],"categories":[6,9],"tags":[],"_links":{"self":[{"href":"https:\/\/www.revistarescatados.com.ar\/web\/wp-json\/wp\/v2\/posts\/8616"}],"collection":[{"href":"https:\/\/www.revistarescatados.com.ar\/web\/wp-json\/wp\/v2\/posts"}],"about":[{"href":"https:\/\/www.revistarescatados.com.ar\/web\/wp-json\/wp\/v2\/types\/post"}],"author":[{"embeddable":true,"href":"https:\/\/www.revistarescatados.com.ar\/web\/wp-json\/wp\/v2\/users\/1"}],"replies":[{"embeddable":true,"href":"https:\/\/www.revistarescatados.com.ar\/web\/wp-json\/wp\/v2\/comments?post=8616"}],"version-history":[{"count":1,"href":"https:\/\/www.revistarescatados.com.ar\/web\/wp-json\/wp\/v2\/posts\/8616\/revisions"}],"predecessor-version":[{"id":8617,"href":"https:\/\/www.revistarescatados.com.ar\/web\/wp-json\/wp\/v2\/posts\/8616\/revisions\/8617"}],"wp:featuredmedia":[{"embeddable":true,"href":"https:\/\/www.revistarescatados.com.ar\/web\/wp-json\/wp\/v2\/media\/7248"}],"wp:attachment":[{"href":"https:\/\/www.revistarescatados.com.ar\/web\/wp-json\/wp\/v2\/media?parent=8616"}],"wp:term":[{"taxonomy":"category","embeddable":true,"href":"https:\/\/www.revistarescatados.com.ar\/web\/wp-json\/wp\/v2\/categories?post=8616"},{"taxonomy":"post_tag","embeddable":true,"href":"https:\/\/www.revistarescatados.com.ar\/web\/wp-json\/wp\/v2\/tags?post=8616"}],"curies":[{"name":"wp","href":"https:\/\/api.w.org\/{rel}","templated":true}]}}