{"id":8628,"date":"2020-04-03T18:02:23","date_gmt":"2020-04-03T21:02:23","guid":{"rendered":"http:\/\/www.revistarescatados.com.ar\/web\/?p=8628"},"modified":"2020-04-03T18:02:23","modified_gmt":"2020-04-03T21:02:23","slug":"cinco-presidentes-comunales-sanjustinos-donaran-la-mitad-de-su-sueldo-a-instituciones-video","status":"publish","type":"post","link":"https:\/\/www.revistarescatados.com.ar\/web\/2020\/04\/03\/cinco-presidentes-comunales-sanjustinos-donaran-la-mitad-de-su-sueldo-a-instituciones-video\/","title":{"rendered":"Cinco presidentes comunales sanjustinos donar\u00e1n la mitad de su sueldo a instituciones (Video)"},"content":{"rendered":"<p><img loading=\"lazy\" class=\"aligncenter  wp-image-8629\" src=\"http:\/\/www.revistarescatados.com.ar\/web\/wp-content\/uploads\/2020\/04\/presidente-comunales.jpg\" alt=\"\" width=\"790\" height=\"526\" srcset=\"https:\/\/www.revistarescatados.com.ar\/web\/wp-content\/uploads\/2020\/04\/presidente-comunales.jpg 552w, https:\/\/www.revistarescatados.com.ar\/web\/wp-content\/uploads\/2020\/04\/presidente-comunales-300x200.jpg 300w\" sizes=\"(max-width: 790px) 100vw, 790px\" \/><\/p>\n<p><span style=\"color: #0000ff;\"><strong>As\u00ed lo comunicaron los mandatarios de Pedro G\u00f3mez Cello, Vera y Pintado, Colonia Dolores, San Mart\u00edn Norte y Gobernador Crespo. El 50 % de sus ingresos ser\u00e1 destinado a instituciones de cada pueblo en medio de esta emergencia sanitaria.<\/strong><\/span><\/p>\n<p>&nbsp;<\/p>\n<p>Este jueves 2 de abril, se llev\u00f3 a cabo una reuni\u00f3n en la Comuna de Gobernador Crespo. Fue presidida por el mandatario anfitri\u00f3n Luciano Lemaire, acompa\u00f1ado por lospresidentes comunales Adri\u00e1n Grassino de Pedro G\u00f3mez Cello, Juan Testa de San Mart\u00edn Norte, Juan Manuel Mena de Vera y Pintado y Lucas Roman de Colonia Dolores.<\/p>\n<p>As\u00ed definieron la donaci\u00f3n del 50% de su sueldo a una instituci\u00f3n de su localidad para ayudar en la emergencia por el covid-19.<\/p>\n<p>\u201cNosotros los presidentes comunales no hacemos pol\u00edtica por un sueldo, sino porque creemos en cambiar la realidad de nuestros pueblos. Somos el primer eslab\u00f3n en el reclamo de la gente\u201d, destac\u00f3 Lemaire, quien tambi\u00e9n aclar\u00f3 que sus sueldos son muchas veces menor a lo que cobran ejecutivos de empresas privadas o p\u00fablicas. Asimismo record\u00f3 que cada funcionario cuenta con sus respectivos trabajos en el sector privado, ya sea como abogado, empleados de Tregar, producci\u00f3n agropecuaria o docencia.<\/p>\n<p>\u201cEs un gesto, no es la soluci\u00f3n\u201d, reconoci\u00f3 Lemaire, quien dijo que le donar\u00e1 la mitad de su sueldo al hospital local.<\/p>\n<p>En tanto, Adri\u00e1n Grassino de Pedro G\u00f3mez Cello destac\u00f3 que la decisi\u00f3n\u00a0 se tom\u00f3 tras la reuni\u00f3n del comit\u00e9 de crisis del departamento e invit\u00f3 a aquellos que quieran sumarse del sector privado. Su aporte ser\u00e1 para la escuela primaria N\u00ba 6143 y secundaria N\u00ba 851, quienes cuentan con comedores y albergue; como tambi\u00e9n para el funcionamiento del Samco de Pedro G\u00f3mez Cello.<\/p>\n<p>Por su parte, Juan Mena de Vera y Pintado, anunci\u00f3 que su aporte ser\u00e1 para el hospital local y valor\u00f3 el trabajo en conjunto que est\u00e1n realizando las 5 comunas. Lucas Roman de Colonia Dolores anunci\u00f3 que su donaci\u00f3n ser\u00e1 a la escuela primaria N\u00ba 430.<\/p>\n<p>Finalmente, Juan Testa destac\u00f3 el gesto de solidaridad en una situaci\u00f3n compleja y destinar\u00e1 el aporte al Centro Integrador Comunitario de San Mart\u00edn Norte.<\/p>\n<p><em><strong>Video:\u00a0 &#8220;Con todo vida&#8221; &#8211; FM Vida 100.5 &#8211; Foto: Crespo Hoy<\/strong><\/em><\/p>\n<div id=\"fb-root\"><\/div>\n<p><script async=\"1\" defer=\"1\" crossorigin=\"anonymous\" src=\"https:\/\/connect.facebook.net\/en_US\/sdk.js#xfbml=1&amp;version=v6.0\"><\/script><\/p>\n<div class=\"fb-video\" data-href=\"https:\/\/www.facebook.com\/contodo.vida\/videos\/2849190288522489\/\" data-width=\"500\">\n<blockquote cite=\"https:\/\/www.facebook.com\/contodo.vida\/videos\/2849190288522489\/\" class=\"fb-xfbml-parse-ignore\"><p><a href=\"https:\/\/www.facebook.com\/contodo.vida\/videos\/2849190288522489\/\"><\/a><\/p>\n<p>?Los presidentes comunales de las  localidades de Gobernador Crespo, San Mart\u00edn Norte, Vera y Pintado, Colonia Dolores y Pedro G\u00f3mez Cello donar\u00e1n el 50% de su sueldo a una instituci\u00f3n de su localidad para ayudar en la emergencia por el covid-19, as\u00ed lo manifestaron hoy jueves 2 de abril, en una reuni\u00f3n que se realiz\u00f3 en la Comuna de Gobernador Crespo .????????<\/p>\n<p>Posted by <a href=\"https:\/\/www.facebook.com\/contodo.vida\">Con Todo Vida<\/a> on Thursday, April 2, 2020<\/p><\/blockquote>\n<\/div>\n","protected":false},"excerpt":{"rendered":"<p>As\u00ed lo comunicaron los mandatarios de Pedro G\u00f3mez Cello, Vera y Pintado, Colonia Dolores, San Mart\u00edn Norte y Gobernador Crespo. El 50 % de sus ingresos ser\u00e1 destinado a instituciones de cada&#46;&#46;&#46;<\/p>\n","protected":false},"author":1,"featured_media":8629,"comment_status":"closed","ping_status":"open","sticky":false,"template":"","format":"standard","meta":[],"categories":[4,13,8],"tags":[],"_links":{"self":[{"href":"https:\/\/www.revistarescatados.com.ar\/web\/wp-json\/wp\/v2\/posts\/8628"}],"collection":[{"href":"https:\/\/www.revistarescatados.com.ar\/web\/wp-json\/wp\/v2\/posts"}],"about":[{"href":"https:\/\/www.revistarescatados.com.ar\/web\/wp-json\/wp\/v2\/types\/post"}],"author":[{"embeddable":true,"href":"https:\/\/www.revistarescatados.com.ar\/web\/wp-json\/wp\/v2\/users\/1"}],"replies":[{"embeddable":true,"href":"https:\/\/www.revistarescatados.com.ar\/web\/wp-json\/wp\/v2\/comments?post=8628"}],"version-history":[{"count":1,"href":"https:\/\/www.revistarescatados.com.ar\/web\/wp-json\/wp\/v2\/posts\/8628\/revisions"}],"predecessor-version":[{"id":8630,"href":"https:\/\/www.revistarescatados.com.ar\/web\/wp-json\/wp\/v2\/posts\/8628\/revisions\/8630"}],"wp:featuredmedia":[{"embeddable":true,"href":"https:\/\/www.revistarescatados.com.ar\/web\/wp-json\/wp\/v2\/media\/8629"}],"wp:attachment":[{"href":"https:\/\/www.revistarescatados.com.ar\/web\/wp-json\/wp\/v2\/media?parent=8628"}],"wp:term":[{"taxonomy":"category","embeddable":true,"href":"https:\/\/www.revistarescatados.com.ar\/web\/wp-json\/wp\/v2\/categories?post=8628"},{"taxonomy":"post_tag","embeddable":true,"href":"https:\/\/www.revistarescatados.com.ar\/web\/wp-json\/wp\/v2\/tags?post=8628"}],"curies":[{"name":"wp","href":"https:\/\/api.w.org\/{rel}","templated":true}]}}