{"id":8640,"date":"2020-04-03T22:57:22","date_gmt":"2020-04-04T01:57:22","guid":{"rendered":"http:\/\/www.revistarescatados.com.ar\/web\/?p=8640"},"modified":"2020-04-03T22:57:22","modified_gmt":"2020-04-04T01:57:22","slug":"el-diputado-walter-ghione-solicito-que-se-aumenten-el-numero-de-pabellones-evangelicos-en-las-carceles","status":"publish","type":"post","link":"https:\/\/www.revistarescatados.com.ar\/web\/2020\/04\/03\/el-diputado-walter-ghione-solicito-que-se-aumenten-el-numero-de-pabellones-evangelicos-en-las-carceles\/","title":{"rendered":"El diputado Walter Ghione solicit\u00f3 que se aumenten el n\u00famero de pabellones evang\u00e9licos en las c\u00e1rceles"},"content":{"rendered":"<p>.<img loading=\"lazy\" class=\"aligncenter size-full wp-image-8641\" src=\"http:\/\/www.revistarescatados.com.ar\/web\/wp-content\/uploads\/2020\/04\/Walter-Ghione.jpg\" alt=\"\" width=\"1232\" height=\"816\" srcset=\"https:\/\/www.revistarescatados.com.ar\/web\/wp-content\/uploads\/2020\/04\/Walter-Ghione.jpg 1232w, https:\/\/www.revistarescatados.com.ar\/web\/wp-content\/uploads\/2020\/04\/Walter-Ghione-300x199.jpg 300w, https:\/\/www.revistarescatados.com.ar\/web\/wp-content\/uploads\/2020\/04\/Walter-Ghione-768x509.jpg 768w, https:\/\/www.revistarescatados.com.ar\/web\/wp-content\/uploads\/2020\/04\/Walter-Ghione-1024x678.jpg 1024w\" sizes=\"(max-width: 1232px) 100vw, 1232px\" \/><br \/>\n<span style=\"color: #0000ff;\"><strong>En los recientes motines de los penales de Coronda y Las Flores, los pabellones iglesias fueron los que evitaron que se origine un espiral de violencia colectiva en toda la unidad. Por otra parte, tambi\u00e9n se pide una mejor articulaci\u00f3n con las autoridades carcelarias.<\/strong><\/span><\/p>\n<p>El Diputado Provincial del bloque Somos Vida y Familia y pastor evang\u00e9lico, Walter Ghione, solicita que se ampl\u00ede la cantidad de sectores evang\u00e9licos en el sistema penitenciario de la provincia de Santa Fe, basado en la conducta ejemplar y el modelo cordial de convivencia que demuestran. En estos sectores el movimiento evang\u00e9lico act\u00faa de manera pacificadora y realiza un excelente trabajo de contenci\u00f3n, necesario en todos los penales. Tambi\u00e9n se pide una mejor articulaci\u00f3n con las autoridades carcelarias.<\/p>\n<p>En las \u00faltimas revueltas ocasionadas en los penales santafesinos de Coronda y Las Flores, donde murieron cinco reclusos y hubo toma de pabellones, quemas de colchones y saqueo a las farmacias de las unidades, se evidenci\u00f3 el resultado del trabajo evang\u00e9lico realizado en su comunidad carcelaria en lo que refiere a la regulaci\u00f3n del conflicto, ya que la poblaci\u00f3n de los pabellones iglesias no participaron de los motines, evitando as\u00ed una propagaci\u00f3n de la violencia suscitada.<\/p>\n<p>En los sectores evang\u00e9licos dentro de las unidades carcelarias se plantea un ordenamiento social, all\u00ed se deben cumplir normas de conductas basadas en una pr\u00e1ctica religiosa, en la disciplina y el orden, siempre respetando las reglas impuestas por el sistema penitenciario. Este trabajo cuando es mancomunado con las autoridades y los trabajadores del penal, exhibe una nula conflictividad de los presos que se alojan all\u00ed, tanto entre ellos como con el personal penitenciario. Por ello, la intenci\u00f3n no es convertir las c\u00e1rceles en iglesias, sino tambi\u00e9n poder trabajar con los presos, que sin ser evang\u00e9licos, abracen las buenas conductas morales que mejoran la convivencia.<\/p>\n<p>En los pabellones iglesias se promueve el valor humano, tanto es as\u00ed que en la c\u00e1rcel de Coronda, que presenta en general p\u00e9simo estado edilicio, en los sectores cristianos se mantienen condiciones dignas habitacionales producto del esfuerzo y el trabajo de los propios presos.<\/p>\n<p>Es conocido, adem\u00e1s, que cada vez son m\u00e1s los detenidos \u201cconvertidos\u201d que eligen esta pr\u00e1ctica religiosa y el camino de la fe, como una forma de vida para soportar el encierro y modificar sus comportamientos nocivos.<\/p>\n<p>\u201cDesde las iglesias evang\u00e9licas creamos redes de contenci\u00f3n para que este proceso de cambio contin\u00fae fuera de las rejas y puedan tener al salir de prisi\u00f3n una vida pr\u00f3spera, relaciones m\u00e1s sanas con su entorno, un sentido de pertenencia con nuevos contactos e incluso poder insertarse laboralmente\u201d, explic\u00f3 Walter Ghione y afirm\u00f3: \u201cUna realidad es que alrededor del noventa por ciento de la poblaci\u00f3n carcelaria es pobre, proveniente de los sectores de mayor vulnerabilidad y marginalidad de la provincia. Nosotros trabajamos all\u00ed, brindando contenci\u00f3n y ayudando a superar y sobrellevar enfermedades, algunas cr\u00f3nicas, y tambi\u00e9n la recuperaci\u00f3n de adicciones\u201d.<\/p>\n<p>Por otra parte, cabe destacar que existe una constante expansi\u00f3n del evangelismo en la provincia, y sobre todo en las ciudades de Santa Fe y Rosario. Este fen\u00f3meno social tambi\u00e9n tiene correlaci\u00f3n en las unidades penitenciarias.<\/p>\n<p><img loading=\"lazy\" class=\"aligncenter size-full wp-image-8642\" src=\"http:\/\/www.revistarescatados.com.ar\/web\/wp-content\/uploads\/2020\/04\/coronda-pabell\u00f3n-evang\u00e9lico.jpg\" alt=\"\" width=\"1280\" height=\"720\" srcset=\"https:\/\/www.revistarescatados.com.ar\/web\/wp-content\/uploads\/2020\/04\/coronda-pabell\u00f3n-evang\u00e9lico.jpg 1280w, https:\/\/www.revistarescatados.com.ar\/web\/wp-content\/uploads\/2020\/04\/coronda-pabell\u00f3n-evang\u00e9lico-300x169.jpg 300w, https:\/\/www.revistarescatados.com.ar\/web\/wp-content\/uploads\/2020\/04\/coronda-pabell\u00f3n-evang\u00e9lico-768x432.jpg 768w, https:\/\/www.revistarescatados.com.ar\/web\/wp-content\/uploads\/2020\/04\/coronda-pabell\u00f3n-evang\u00e9lico-1024x576.jpg 1024w\" sizes=\"(max-width: 1280px) 100vw, 1280px\" \/><\/p>\n<p>En la c\u00e1rcel de Coronda, por ejemplo, hay 4 pabellones cristianos que representan aproximadamente el treinta por ciento (30%) de la poblaci\u00f3n detenida. All\u00ed hace una excelente tarea el pastor Oscar Sensini de la iglesia El Redil de Cristo, quien adem\u00e1s en la actualidad tiene varios pabellones iglesias en diferentes unidades. Sensini es el pionero en realizar este trabajo dentro de las c\u00e1rceles de Santa Fe en la d\u00e9cada del 80. Creador del primer pabell\u00f3n iglesia a comienzos del 2001, en la Unidad Penitenciaria de Coronda y figura clave en la pacificaci\u00f3n de la revuelta conocida como la \u201cMasacre de Coronda\u201d, en 2005.<\/p>\n<p>Luego de este lamentable mot\u00edn, donde la labor de los pabellones evang\u00e9licos fue esencial para evitar la propagaci\u00f3n de la violencia y la resoluci\u00f3n del conflicto, el reconocimiento de las autoridades penitenciarias y pol\u00edticas, hizo que se fueran expandiendo estos sectores hacia el resto de las prisiones de la provincia.<\/p>\n<p>Para finalizar, el diputado Walter Ghione sostuvo que es notoria la tarea realizada por la comunidad evang\u00e9lica en los penales de la provincia. Es importante no solo porque cumple la tarea de contener y resocializar al que se encuentra en prisi\u00f3n, sino que adem\u00e1s esta funci\u00f3n colabora con el sistema penitenciario en mantener un clima de paz y orden dentro de los muros.<\/p>\n<p>Es por todo esto, que el legislador de Somos Vida y Familia, argumenta la necesidad de avanzar tanto en la ampliaci\u00f3n de los mismos, como tambi\u00e9n en la articulaci\u00f3n con el servicio penitenciario de la provincia.<\/p>\n","protected":false},"excerpt":{"rendered":"<p>. En los recientes motines de los penales de Coronda y Las Flores, los pabellones iglesias fueron los que evitaron que se origine un espiral de violencia colectiva en toda la unidad.&#46;&#46;&#46;<\/p>\n","protected":false},"author":1,"featured_media":8641,"comment_status":"closed","ping_status":"open","sticky":false,"template":"","format":"standard","meta":[],"categories":[13,12],"tags":[],"_links":{"self":[{"href":"https:\/\/www.revistarescatados.com.ar\/web\/wp-json\/wp\/v2\/posts\/8640"}],"collection":[{"href":"https:\/\/www.revistarescatados.com.ar\/web\/wp-json\/wp\/v2\/posts"}],"about":[{"href":"https:\/\/www.revistarescatados.com.ar\/web\/wp-json\/wp\/v2\/types\/post"}],"author":[{"embeddable":true,"href":"https:\/\/www.revistarescatados.com.ar\/web\/wp-json\/wp\/v2\/users\/1"}],"replies":[{"embeddable":true,"href":"https:\/\/www.revistarescatados.com.ar\/web\/wp-json\/wp\/v2\/comments?post=8640"}],"version-history":[{"count":1,"href":"https:\/\/www.revistarescatados.com.ar\/web\/wp-json\/wp\/v2\/posts\/8640\/revisions"}],"predecessor-version":[{"id":8643,"href":"https:\/\/www.revistarescatados.com.ar\/web\/wp-json\/wp\/v2\/posts\/8640\/revisions\/8643"}],"wp:featuredmedia":[{"embeddable":true,"href":"https:\/\/www.revistarescatados.com.ar\/web\/wp-json\/wp\/v2\/media\/8641"}],"wp:attachment":[{"href":"https:\/\/www.revistarescatados.com.ar\/web\/wp-json\/wp\/v2\/media?parent=8640"}],"wp:term":[{"taxonomy":"category","embeddable":true,"href":"https:\/\/www.revistarescatados.com.ar\/web\/wp-json\/wp\/v2\/categories?post=8640"},{"taxonomy":"post_tag","embeddable":true,"href":"https:\/\/www.revistarescatados.com.ar\/web\/wp-json\/wp\/v2\/tags?post=8640"}],"curies":[{"name":"wp","href":"https:\/\/api.w.org\/{rel}","templated":true}]}}