{"id":8644,"date":"2020-04-03T23:32:09","date_gmt":"2020-04-04T02:32:09","guid":{"rendered":"http:\/\/www.revistarescatados.com.ar\/web\/?p=8644"},"modified":"2020-04-04T01:01:05","modified_gmt":"2020-04-04T04:01:05","slug":"che-y-vos-la-reflexion-de-un-presidente-comunal-en-medio-de-la-cuarentena","status":"publish","type":"post","link":"https:\/\/www.revistarescatados.com.ar\/web\/2020\/04\/03\/che-y-vos-la-reflexion-de-un-presidente-comunal-en-medio-de-la-cuarentena\/","title":{"rendered":"Che \u00bfy vos? &#8230;la reflexi\u00f3n de un presidente comunal en medio de la cuarentena"},"content":{"rendered":"<p><img loading=\"lazy\" class=\"aligncenter wp-image-8645\" src=\"http:\/\/www.revistarescatados.com.ar\/web\/wp-content\/uploads\/2020\/04\/Ariel-Bola\u00f1o.jpg\" alt=\"\" width=\"744\" height=\"482\" srcset=\"https:\/\/www.revistarescatados.com.ar\/web\/wp-content\/uploads\/2020\/04\/Ariel-Bola\u00f1o.jpg 631w, https:\/\/www.revistarescatados.com.ar\/web\/wp-content\/uploads\/2020\/04\/Ariel-Bola\u00f1o-300x194.jpg 300w\" sizes=\"(max-width: 744px) 100vw, 744px\" \/><\/p>\n<p><span style=\"color: #0000ff;\"><strong>En las \u00faltimas horas se ha viralizado la tensa reflexi\u00f3n compartida por Ariel Bola\u00f1o, quien ejerce la presidencia comunal de Margarita. \u201cChe \u00bfy vos? Una sola cosa te pedimos; QUE TE QUEDES EN TU CASA!!! y no pod\u00e9s hacerlo\u201d, inquiere el escrito que logr\u00f3 repercusi\u00f3n en las redes sociales.<\/strong><\/span><\/p>\n<p><span style=\"color: #0000ff;\"><strong>TEXTUAL<\/strong><\/span><\/p>\n<p>Che, controlen ac\u00e1. Che, controlen por all\u00e1, che por ac\u00e1 faltan controles, che tomen las medidas que hay que tomar, che cierren la ciudad, che custodien a los que est\u00e1n en cuarentena, che vigilen a la familia de los que est\u00e1n siendo analizados, che busquen a este que viaj\u00f3 y anda por la calle, che controlen los comercios que est\u00e1n llenos de gente, che controlen que suben los precios, che no dejen entrar camiones, che fumiguen, che por qu\u00e9 no hacen como en otras ciudades, che den nombres, che cierren los comercios a las 5, che metan preso a este, che por qu\u00e9 no vienen casa por casa a preguntarnos qu\u00e9 necesitamos, che esto es verdad, che con esta medida me est\u00e1s cagando, che che che&#8230;..<\/p>\n<p>Che \u00bfy vos? Una sola cosa te pedimos; QUE TE QUEDES EN TU CASA!!! y no pod\u00e9s hacerlo. Che, sab\u00e9s que vos como ciudadano tambi\u00e9n ten\u00e9s responsabilidades. Che, sab\u00e9s que en lugar de reclamar todo el tiempo sin saber realmente por qu\u00e9 se toman o por qu\u00e9 no se toman determinadas medidas, podes utilizar ese valioso tiempo en aportar tu granito de arena enviando informaci\u00f3n \u00fatil para que todos prevengamos esta pandemia. Che, sab\u00e9s que hay un pu\u00f1ado de funcionarios pol\u00edticos, policiales, de la salud p\u00fablica, empleados municipales y personal de algunas instituciones de servicios que desde hace varios d\u00edas, con suerte duerme un par de horas diarias y que el resto de la jornada est\u00e1n definiendo y redefiniendo medidas, equilibrando esas medidas para proteger la salud de todos pero tratando de generar el menor da\u00f1o posible a los sectores afectados, realizando controles, saliendo a la calle, recibiendo informaci\u00f3n de los niveles superiores que van cambiando hora a hora, reuni\u00e9ndonos con unos, con otros, generando informaci\u00f3n, patrullando, definiendo estrategias de trabajo, persiguiendo est\u00fapidos que se creen vivos, cortando calles, organizando y prestando servicios, perdiendo tiempo en tener que desmentir todas las boludeces que dicen y reenv\u00edan, monitoreando a los que est\u00e1n en cuarentena, apoyando y conteniendo a los que est\u00e1n en emergencia, recibiendo y teniendo que responder miles de mensajes, pedidos, consultas, reclamos, poniendo cabeza y cuerpo al servicio de todos, poniendo en riesgo su propia salud y la de sus familias porque no tienen la posibilidad que ten\u00e9s vos de poder quedarte en casa?<\/p>\n<p>Che, y va con onda, a vos que tenes el tiempo suficiente como para juzgar de in\u00fatiles, incapaces o lo que se te ocurra, a los que d\u00eda a d\u00eda hacemos ese trabajo, te invito a reutilizar ese tiempo y repensar tu utilidad o capacidad como miembro de una sociedad civilizada.<\/p>\n<p>Che, a vos que sentado frente a la compu de tu casa ten\u00e9s la soluci\u00f3n para el Coronavirus, te aseguro que diez minutos en nuestros zapatos te alcanzar\u00edan para salir corriendo pidiendo quedarte en casa.<\/p>\n<p>Che, sab\u00e9s que yo tambi\u00e9n tengo una familia y que todos los d\u00edas entro a mi casa con un nudo en la garganta de no saber si no le estoy trayendo por estar todo el d\u00eda en la calle cuid\u00e1ndote.<\/p>\n<p>As\u00ed que tranquilo che. Que los que estamos todo el tiempo en la punta de tu lengua seguramente nos vamos a equivocar porque esto es algo que nos ense\u00f1a d\u00eda a d\u00eda y nos hace cambiar instante a instante, pero ten\u00e9 un cachito de empat\u00eda y entend\u00e9 que estamos todo el tiempo dejando el pellejo para que vos, los tuyos, los nuestros, todos salgamos lo m\u00e1s airosos posibles de esta mierda.<\/p>\n<div id=\"fb-root\"><\/div>\n<p><script async=\"1\" defer=\"1\" crossorigin=\"anonymous\" src=\"https:\/\/connect.facebook.net\/en_US\/sdk.js#xfbml=1&amp;version=v6.0\"><\/script><\/p>\n<div class=\"fb-post\" data-href=\"https:\/\/www.facebook.com\/ariel.bolano17\/posts\/3067107503329008\" data-width=\"500\">\n<blockquote cite=\"https:\/\/www.facebook.com\/ariel.bolano17\/posts\/3067107503329008\" class=\"fb-xfbml-parse-ignore\">\n<p>Che, controlen ac\u00e1. Che, controlen por all\u00e1, che por ac\u00e1 faltan controles, che tomen las medidas que hay que tomar, che&#8230;<\/p>\n<p>Posted by <a href=\"https:\/\/www.facebook.com\/ariel.bolano17\">Ariel Bola\u00f1o<\/a> on&nbsp;<a href=\"https:\/\/www.facebook.com\/ariel.bolano17\/posts\/3067107503329008\">Friday, April 3, 2020<\/a><\/p><\/blockquote>\n<\/div>\n","protected":false},"excerpt":{"rendered":"<p>En las \u00faltimas horas se ha viralizado la tensa reflexi\u00f3n compartida por Ariel Bola\u00f1o, quien ejerce la presidencia comunal de Margarita. \u201cChe \u00bfy vos? Una sola cosa te pedimos; QUE TE QUEDES&#46;&#46;&#46;<\/p>\n","protected":false},"author":1,"featured_media":8645,"comment_status":"closed","ping_status":"open","sticky":false,"template":"","format":"standard","meta":[],"categories":[3,8],"tags":[],"_links":{"self":[{"href":"https:\/\/www.revistarescatados.com.ar\/web\/wp-json\/wp\/v2\/posts\/8644"}],"collection":[{"href":"https:\/\/www.revistarescatados.com.ar\/web\/wp-json\/wp\/v2\/posts"}],"about":[{"href":"https:\/\/www.revistarescatados.com.ar\/web\/wp-json\/wp\/v2\/types\/post"}],"author":[{"embeddable":true,"href":"https:\/\/www.revistarescatados.com.ar\/web\/wp-json\/wp\/v2\/users\/1"}],"replies":[{"embeddable":true,"href":"https:\/\/www.revistarescatados.com.ar\/web\/wp-json\/wp\/v2\/comments?post=8644"}],"version-history":[{"count":2,"href":"https:\/\/www.revistarescatados.com.ar\/web\/wp-json\/wp\/v2\/posts\/8644\/revisions"}],"predecessor-version":[{"id":8647,"href":"https:\/\/www.revistarescatados.com.ar\/web\/wp-json\/wp\/v2\/posts\/8644\/revisions\/8647"}],"wp:featuredmedia":[{"embeddable":true,"href":"https:\/\/www.revistarescatados.com.ar\/web\/wp-json\/wp\/v2\/media\/8645"}],"wp:attachment":[{"href":"https:\/\/www.revistarescatados.com.ar\/web\/wp-json\/wp\/v2\/media?parent=8644"}],"wp:term":[{"taxonomy":"category","embeddable":true,"href":"https:\/\/www.revistarescatados.com.ar\/web\/wp-json\/wp\/v2\/categories?post=8644"},{"taxonomy":"post_tag","embeddable":true,"href":"https:\/\/www.revistarescatados.com.ar\/web\/wp-json\/wp\/v2\/tags?post=8644"}],"curies":[{"name":"wp","href":"https:\/\/api.w.org\/{rel}","templated":true}]}}