{"id":8876,"date":"2020-04-18T22:55:19","date_gmt":"2020-04-19T01:55:19","guid":{"rendered":"http:\/\/www.revistarescatados.com.ar\/web\/?p=8876"},"modified":"2020-04-18T22:55:23","modified_gmt":"2020-04-19T01:55:23","slug":"la-provincia-prepara-un-centro-seguro-para-profesionales-de-la-salud-que-esten-trabajando-en-la-pandemia-en-el-hotel-unl-ate","status":"publish","type":"post","link":"https:\/\/www.revistarescatados.com.ar\/web\/2020\/04\/18\/la-provincia-prepara-un-centro-seguro-para-profesionales-de-la-salud-que-esten-trabajando-en-la-pandemia-en-el-hotel-unl-ate\/","title":{"rendered":"La provincia prepara un centro seguro para profesionales de la salud que est\u00e9n trabajando en la pandemia en el Hotel UNL ATE"},"content":{"rendered":"\n<figure class=\"wp-block-image size-large\"><img loading=\"lazy\" width=\"1024\" height=\"575\" src=\"http:\/\/www.revistarescatados.com.ar\/web\/wp-content\/uploads\/2020\/04\/foto-recorrida-1024x575.jpg\" alt=\"\" class=\"wp-image-8877\" srcset=\"https:\/\/www.revistarescatados.com.ar\/web\/wp-content\/uploads\/2020\/04\/foto-recorrida-1024x575.jpg 1024w, https:\/\/www.revistarescatados.com.ar\/web\/wp-content\/uploads\/2020\/04\/foto-recorrida-300x168.jpg 300w, https:\/\/www.revistarescatados.com.ar\/web\/wp-content\/uploads\/2020\/04\/foto-recorrida-768x431.jpg 768w, https:\/\/www.revistarescatados.com.ar\/web\/wp-content\/uploads\/2020\/04\/foto-recorrida.jpg 1140w\" sizes=\"(max-width: 1024px) 100vw, 1024px\" \/><\/figure>\n\n\n\n<p><strong><span style=\"color:#3624be\" class=\"has-inline-color\">Desde el inicio de la declaraci\u00f3n de la pandemia, ATE puso las instalaciones del Hotel a disposici\u00f3n del Gobierno Provincial.<\/span><\/strong><\/p>\n\n\n\n<p><\/p>\n\n\n\n<p>El gobernador de Santa Fe, Omar Perotti, junto al secretario general de ATE, Jorge Hoffman, el ministro de Gesti\u00f3n P\u00fablica, Rub\u00e9n Michlig, y el secretario de Trabajo, Juan Manuel Pusineri, recorrieron este s\u00e1bado el hotel UNL \u2013 ATE ubicado en la ciudad de Santa Fe, donde la provincia, junto con el gremio, preparan un centro de aislamiento para profesionales de la salud.<\/p>\n\n\n\n<p>El secretario general de ATE, Jorge Hoffmann, expres\u00f3: \u201cpusimos a disposiciones de las autoridades nuestras instalaciones, hoy comenzamos a trabajar en este proyecto que se concretar\u00e1 pr\u00f3ximamente. Es fundamental el cuidado y el descanso para los trabajadores\/as que est\u00e1n en las trincheras de la pandemia\u201d.<\/p>\n\n\n\n<p>En ese marco, Michlig sostuvo que \u201ceste centro es para gente que est\u00e1 trabajando en el sistema de salud, ser\u00e1 un centro de aislamiento para personas sanas, ya sea tanto para el descanso como para generar encuentros de trabajo\u201d, detall\u00f3 Michlig.<\/p>\n\n\n\n<p>Por su parte, Pusineri destac\u00f3 el compromiso de las instituciones como ATE y UNL al poner a disposici\u00f3n el hotel, y destac\u00f3: &#8220;su primera preocupaci\u00f3n en todo esto es colaborar en la emergencia poniendo a disposici\u00f3n de la gente que lo necesita no s\u00f3lo las instalaciones sino tambi\u00e9n el personal, que va a realizar la apoyatura y la log\u00edstica para el momento en que entre en funcionamiento&#8221;.<\/p>\n\n\n\n<p>Adem\u00e1s, precis\u00f3 que \u201cla idea es que funcione un centro de aislamiento para los profesionales de la salud, enfermeros y quienes est\u00e1n trabajando directamente en la emergencia y necesitan tener un lugar seguro, en el que no corran riesgo y en el que est\u00e9n resguardados para cumplir con una tarea esencial, como la que est\u00e1n cumpliendo, y que es la primera l\u00ednea de fuego frente a la demanda\u201d.<\/p>\n\n\n\n<p>\u201cTambi\u00e9n \u2013continu\u00f3- armar un lugar en el que pueda estar participando y gener\u00e1ndose actividades necesarias que tengan que ver con apoyatura administrativa, t\u00e9cnica y log\u00edstica\u201d, concluy\u00f3 el secretario de Trabajo.<\/p>\n","protected":false},"excerpt":{"rendered":"<p>Desde el inicio de la declaraci\u00f3n de la pandemia, ATE puso las instalaciones del Hotel a disposici\u00f3n del Gobierno Provincial. El gobernador de Santa Fe, Omar Perotti, junto al secretario general de&#46;&#46;&#46;<\/p>\n","protected":false},"author":1,"featured_media":8877,"comment_status":"closed","ping_status":"open","sticky":false,"template":"","format":"standard","meta":[],"categories":[10,12,9],"tags":[],"_links":{"self":[{"href":"https:\/\/www.revistarescatados.com.ar\/web\/wp-json\/wp\/v2\/posts\/8876"}],"collection":[{"href":"https:\/\/www.revistarescatados.com.ar\/web\/wp-json\/wp\/v2\/posts"}],"about":[{"href":"https:\/\/www.revistarescatados.com.ar\/web\/wp-json\/wp\/v2\/types\/post"}],"author":[{"embeddable":true,"href":"https:\/\/www.revistarescatados.com.ar\/web\/wp-json\/wp\/v2\/users\/1"}],"replies":[{"embeddable":true,"href":"https:\/\/www.revistarescatados.com.ar\/web\/wp-json\/wp\/v2\/comments?post=8876"}],"version-history":[{"count":1,"href":"https:\/\/www.revistarescatados.com.ar\/web\/wp-json\/wp\/v2\/posts\/8876\/revisions"}],"predecessor-version":[{"id":8878,"href":"https:\/\/www.revistarescatados.com.ar\/web\/wp-json\/wp\/v2\/posts\/8876\/revisions\/8878"}],"wp:featuredmedia":[{"embeddable":true,"href":"https:\/\/www.revistarescatados.com.ar\/web\/wp-json\/wp\/v2\/media\/8877"}],"wp:attachment":[{"href":"https:\/\/www.revistarescatados.com.ar\/web\/wp-json\/wp\/v2\/media?parent=8876"}],"wp:term":[{"taxonomy":"category","embeddable":true,"href":"https:\/\/www.revistarescatados.com.ar\/web\/wp-json\/wp\/v2\/categories?post=8876"},{"taxonomy":"post_tag","embeddable":true,"href":"https:\/\/www.revistarescatados.com.ar\/web\/wp-json\/wp\/v2\/tags?post=8876"}],"curies":[{"name":"wp","href":"https:\/\/api.w.org\/{rel}","templated":true}]}}