{"id":8912,"date":"2020-04-21T22:26:04","date_gmt":"2020-04-22T01:26:04","guid":{"rendered":"http:\/\/www.revistarescatados.com.ar\/web\/?p=8912"},"modified":"2020-04-21T22:26:52","modified_gmt":"2020-04-22T01:26:52","slug":"fiscalizan-establecimientos-industriales-y-productivos","status":"publish","type":"post","link":"https:\/\/www.revistarescatados.com.ar\/web\/2020\/04\/21\/fiscalizan-establecimientos-industriales-y-productivos\/","title":{"rendered":"Fiscalizan establecimientos industriales y productivos"},"content":{"rendered":"\n<figure class=\"wp-block-image size-large\"><img loading=\"lazy\" width=\"1024\" height=\"575\" src=\"http:\/\/www.revistarescatados.com.ar\/web\/wp-content\/uploads\/2020\/04\/fiscaliacion-1024x575.jpg\" alt=\"\" class=\"wp-image-8913\" srcset=\"https:\/\/www.revistarescatados.com.ar\/web\/wp-content\/uploads\/2020\/04\/fiscaliacion-1024x575.jpg 1024w, https:\/\/www.revistarescatados.com.ar\/web\/wp-content\/uploads\/2020\/04\/fiscaliacion-300x168.jpg 300w, https:\/\/www.revistarescatados.com.ar\/web\/wp-content\/uploads\/2020\/04\/fiscaliacion-768x431.jpg 768w, https:\/\/www.revistarescatados.com.ar\/web\/wp-content\/uploads\/2020\/04\/fiscaliacion.jpg 1140w\" sizes=\"(max-width: 1024px) 100vw, 1024px\" \/><\/figure>\n\n\n\n<p><strong><span style=\"color:#1511e9\" class=\"has-inline-color\">En un trabajo conjunto entre los ministerios de Trabajo, Salud y Producci\u00f3n, municipios y comunas de la provincia, comenz\u00f3 un firme trabajo de inspecci\u00f3n de f\u00e1bricas y empresas, con el objetivo de corroborar la implementaci\u00f3n efectiva de los protocolos de seguridad e higiene<\/span><\/strong>.<\/p>\n\n\n\n<p>,<\/p>\n\n\n\n<p>El ministro de Trabajo de la provincia, Roberto Sukerman, junto a intendentes y presidentes comunales, ya recorri\u00f3 establecimientos en Granadero Baigorria, Franck, Esperanza, Rufino y Venado Tuerto, adem\u00e1s de la fiscalizaci\u00f3n que se viene realizando en Santa Fe y Rosario, con el objetivo de corroborar la implementaci\u00f3n efectiva de los protocolos de seguridad e higiene para prevenir la propagaci\u00f3n del COVID 19, que a partir de la resoluci\u00f3n 41\/2020 del gobierno provincial son de car\u00e1cter obligatorio en todo el territorio santafesino.<\/p>\n\n\n\n<p>En este sentido, Sukerman sostuvo: \u201cel gobernador Omar Perotti tom\u00f3 una decisi\u00f3n pol\u00edtica muy clara con respecto a las inspecciones para las empresas habilitadas mientras dure el aislamiento: aquellos que no hayan presentado los protocolos de seguridad e higiene por el Covid-19 y las declaraciones juradas de los trabajadores, no podr\u00e1n retomar la actividad. Si verificamos el incumplimiento van a ser sancionados\u201d.<\/p>\n\n\n\n<p>\u201cLos equipos del Ministerio de Trabajo est\u00e1n desplegados por toda la provincia para garantizar la protecci\u00f3n de los trabajadores. Hasta el momento, vemos una muy buena predisposici\u00f3n por parte de los empresarios en cuanto a las medidas preventivas. Creo que todos entendemos que la reactivaci\u00f3n de la econom\u00eda y la preservaci\u00f3n de los puestos de trabajo, van de la mano con el cuidado de la salud\u201d, remarc\u00f3 Sukerman, y agreg\u00f3: \u201cVivimos un momento excepcional, y est\u00e1 claro que todos los esfuerzos del gobierno de la provincia est\u00e1n orientados a preservar el bienestar de los santafesinos y santafesinas. Por eso insistimos tanto en el cuidado colectivo: respetar las normas de prevenci\u00f3n, quedarnos en casa y cuidar a quienes tienen que salir de sus hogares a trabajar, es hoy una prioridad y no podemos escatimar esfuerzos\u201d.<\/p>\n\n\n\n<p>Adem\u00e1s, el titular de la cartera laboral record\u00f3 que en la p\u00e1gina web del gobierno de la provincia de Santa Fe, www.santafe.gob.ar, \u201cvan a encontrar los modelos de protocolos que elabor\u00f3 el Ministerio de la Producci\u00f3n para cada sector de manera espec\u00edfica. Tambi\u00e9n all\u00ed pueden descargar la declaraci\u00f3n jurada para que complete cada trabajador, que deber\u00e1 ser enviada junto con el protocolo a protocolocovid@santafe.gov.ar\u201d, finaliz\u00f3.<\/p>\n","protected":false},"excerpt":{"rendered":"<p>En un trabajo conjunto entre los ministerios de Trabajo, Salud y Producci\u00f3n, municipios y comunas de la provincia, comenz\u00f3 un firme trabajo de inspecci\u00f3n de f\u00e1bricas y empresas, con el objetivo de&#46;&#46;&#46;<\/p>\n","protected":false},"author":1,"featured_media":8913,"comment_status":"closed","ping_status":"open","sticky":false,"template":"","format":"standard","meta":[],"categories":[12,8],"tags":[],"_links":{"self":[{"href":"https:\/\/www.revistarescatados.com.ar\/web\/wp-json\/wp\/v2\/posts\/8912"}],"collection":[{"href":"https:\/\/www.revistarescatados.com.ar\/web\/wp-json\/wp\/v2\/posts"}],"about":[{"href":"https:\/\/www.revistarescatados.com.ar\/web\/wp-json\/wp\/v2\/types\/post"}],"author":[{"embeddable":true,"href":"https:\/\/www.revistarescatados.com.ar\/web\/wp-json\/wp\/v2\/users\/1"}],"replies":[{"embeddable":true,"href":"https:\/\/www.revistarescatados.com.ar\/web\/wp-json\/wp\/v2\/comments?post=8912"}],"version-history":[{"count":2,"href":"https:\/\/www.revistarescatados.com.ar\/web\/wp-json\/wp\/v2\/posts\/8912\/revisions"}],"predecessor-version":[{"id":8915,"href":"https:\/\/www.revistarescatados.com.ar\/web\/wp-json\/wp\/v2\/posts\/8912\/revisions\/8915"}],"wp:featuredmedia":[{"embeddable":true,"href":"https:\/\/www.revistarescatados.com.ar\/web\/wp-json\/wp\/v2\/media\/8913"}],"wp:attachment":[{"href":"https:\/\/www.revistarescatados.com.ar\/web\/wp-json\/wp\/v2\/media?parent=8912"}],"wp:term":[{"taxonomy":"category","embeddable":true,"href":"https:\/\/www.revistarescatados.com.ar\/web\/wp-json\/wp\/v2\/categories?post=8912"},{"taxonomy":"post_tag","embeddable":true,"href":"https:\/\/www.revistarescatados.com.ar\/web\/wp-json\/wp\/v2\/tags?post=8912"}],"curies":[{"name":"wp","href":"https:\/\/api.w.org\/{rel}","templated":true}]}}