{"id":8962,"date":"2020-04-24T22:05:15","date_gmt":"2020-04-25T01:05:15","guid":{"rendered":"http:\/\/www.revistarescatados.com.ar\/web\/?p=8962"},"modified":"2020-04-24T22:05:17","modified_gmt":"2020-04-25T01:05:17","slug":"prision-preventiva-para-un-padrastro-investigado-por-abuso-sexual-en-la-gallareta","status":"publish","type":"post","link":"https:\/\/www.revistarescatados.com.ar\/web\/2020\/04\/24\/prision-preventiva-para-un-padrastro-investigado-por-abuso-sexual-en-la-gallareta\/","title":{"rendered":"Prisi\u00f3n preventiva para un padrastro investigado por abuso sexual  en La Gallareta"},"content":{"rendered":"\n<figure class=\"wp-block-image size-large\"><img loading=\"lazy\" width=\"587\" height=\"536\" src=\"http:\/\/www.revistarescatados.com.ar\/web\/wp-content\/uploads\/2020\/04\/la-gallareta.jpg\" alt=\"\" class=\"wp-image-8963\" srcset=\"https:\/\/www.revistarescatados.com.ar\/web\/wp-content\/uploads\/2020\/04\/la-gallareta.jpg 587w, https:\/\/www.revistarescatados.com.ar\/web\/wp-content\/uploads\/2020\/04\/la-gallareta-300x274.jpg 300w\" sizes=\"(max-width: 587px) 100vw, 587px\" \/><\/figure>\n\n\n\n<p><em><strong><span class=\"has-inline-color has-vivid-red-color\">La medida cautelar fue impuesta por el juez Gustavo Gon a ra\u00edz del pedido formulado por el fiscal Gustavo Latorre. El imputado tiene 37 a\u00f1os y sus iniciales son LFO. La v\u00edctima es una ni\u00f1a menor de edad que es hija de la mujer que era la pareja del hombre investigado.<\/span><\/strong><\/em><\/p>\n\n\n\n<p>&nbsp;&nbsp;&nbsp;&nbsp;&nbsp;&nbsp;&nbsp;&nbsp;&nbsp;&nbsp;&nbsp; Un hombre de 37 a\u00f1os cuyas iniciales son LFO qued\u00f3 en prisi\u00f3n preventiva por seis meses en el marco de una investigaci\u00f3n que encabeza el fiscal Gustavo Latorre por delitos contra la integridad sexual cometidos en la localidad de La Gallareta (departamento Vera)<\/p>\n\n\n\n<p>&nbsp;&nbsp;&nbsp;&nbsp;&nbsp;&nbsp;&nbsp;&nbsp;&nbsp;&nbsp;&nbsp; La medida cautelar fue impuesta por el juez de la Investigaci\u00f3n Penal Preparatoria (IPP), Gustavo Gon, a ra\u00edz del pedido formulado por el fiscal Latorre en una audiencia de medidas cautelares realizada ayer y en la que las partes intervinieron de forma remota a trav\u00e9s del sistema Zoom.<\/p>\n\n\n\n<p><strong><span class=\"has-inline-color has-vivid-red-color\">Abusos y amenazas<\/span><\/strong><\/p>\n\n\n\n<p>&nbsp;&nbsp;&nbsp;&nbsp;&nbsp;&nbsp;&nbsp;&nbsp;&nbsp;&nbsp;&nbsp; \u201cAl hombre investigado le atribuimos la autor\u00eda de los delitos de abuso sexual con acceso carnal agravado y reiterado en dos oportunidades; abuso sexual simple agravado y reiterado en un n\u00famero indeterminado de veces; y amenazas\u201d, precis\u00f3 el fiscal Latorre.<\/p>\n\n\n\n<p>&nbsp;&nbsp;&nbsp;&nbsp;&nbsp;&nbsp;&nbsp;&nbsp;&nbsp;&nbsp;&nbsp; El funcionario del MPA detall\u00f3 que \u201cla investigaci\u00f3n la iniciamos a partir de una denuncia que radic\u00f3 la m\u00e9dica del hospital de La Gallareta\u201d. Tambi\u00e9n inform\u00f3 que \u201cluego de esa denuncia, y a ra\u00edz de que la v\u00edctima est\u00e1 embarazada, fue trasladada al hospital de Vera, donde recibi\u00f3 atenci\u00f3n m\u00e9dica y fue entrevistada por especialistas de un equipo interdisciplinario del \u00e1rea de Investigaci\u00f3n de Violencia de G\u00e9nero, Sexual y Familiar de Vera\u201d.<\/p>\n\n\n\n<p>&nbsp;&nbsp;&nbsp;&nbsp;&nbsp;&nbsp;&nbsp;&nbsp;&nbsp;&nbsp;&nbsp; \u201cAdem\u00e1s de las agresiones sexuales que sufri\u00f3 por parte de la pareja de su madre, la v\u00edctima fue amenazada constantemente por el hombre, quien le dec\u00eda que si contaba lo sucedido la matar\u00eda\u201d, subray\u00f3 el fiscal. En tal sentido, agreg\u00f3 que \u201cla ni\u00f1a ten\u00eda tanto miedo que reci\u00e9n en la tercera entrevista que tuvo con los especialistas pudo contar lo que efectivamente hab\u00eda ocurrido\u201d.<\/p>\n","protected":false},"excerpt":{"rendered":"<p>La medida cautelar fue impuesta por el juez Gustavo Gon a ra\u00edz del pedido formulado por el fiscal Gustavo Latorre. El imputado tiene 37 a\u00f1os y sus iniciales son LFO. La v\u00edctima&#46;&#46;&#46;<\/p>\n","protected":false},"author":1,"featured_media":8963,"comment_status":"closed","ping_status":"open","sticky":false,"template":"","format":"standard","meta":[],"categories":[3,10,11],"tags":[],"_links":{"self":[{"href":"https:\/\/www.revistarescatados.com.ar\/web\/wp-json\/wp\/v2\/posts\/8962"}],"collection":[{"href":"https:\/\/www.revistarescatados.com.ar\/web\/wp-json\/wp\/v2\/posts"}],"about":[{"href":"https:\/\/www.revistarescatados.com.ar\/web\/wp-json\/wp\/v2\/types\/post"}],"author":[{"embeddable":true,"href":"https:\/\/www.revistarescatados.com.ar\/web\/wp-json\/wp\/v2\/users\/1"}],"replies":[{"embeddable":true,"href":"https:\/\/www.revistarescatados.com.ar\/web\/wp-json\/wp\/v2\/comments?post=8962"}],"version-history":[{"count":1,"href":"https:\/\/www.revistarescatados.com.ar\/web\/wp-json\/wp\/v2\/posts\/8962\/revisions"}],"predecessor-version":[{"id":8964,"href":"https:\/\/www.revistarescatados.com.ar\/web\/wp-json\/wp\/v2\/posts\/8962\/revisions\/8964"}],"wp:featuredmedia":[{"embeddable":true,"href":"https:\/\/www.revistarescatados.com.ar\/web\/wp-json\/wp\/v2\/media\/8963"}],"wp:attachment":[{"href":"https:\/\/www.revistarescatados.com.ar\/web\/wp-json\/wp\/v2\/media?parent=8962"}],"wp:term":[{"taxonomy":"category","embeddable":true,"href":"https:\/\/www.revistarescatados.com.ar\/web\/wp-json\/wp\/v2\/categories?post=8962"},{"taxonomy":"post_tag","embeddable":true,"href":"https:\/\/www.revistarescatados.com.ar\/web\/wp-json\/wp\/v2\/tags?post=8962"}],"curies":[{"name":"wp","href":"https:\/\/api.w.org\/{rel}","templated":true}]}}