{"id":8967,"date":"2020-04-24T22:19:20","date_gmt":"2020-04-25T01:19:20","guid":{"rendered":"http:\/\/www.revistarescatados.com.ar\/web\/?p=8967"},"modified":"2020-04-24T22:19:22","modified_gmt":"2020-04-25T01:19:22","slug":"mas-de-la-mitad-de-pacientes-santafesinos-con-coronavirus-ya-se-recuperaron","status":"publish","type":"post","link":"https:\/\/www.revistarescatados.com.ar\/web\/2020\/04\/24\/mas-de-la-mitad-de-pacientes-santafesinos-con-coronavirus-ya-se-recuperaron\/","title":{"rendered":"M\u00e1s de la mitad de pacientes santafesinos con coronavirus, ya se recuperaron"},"content":{"rendered":"\n<figure class=\"wp-block-image size-large is-resized\"><img loading=\"lazy\" src=\"http:\/\/www.revistarescatados.com.ar\/web\/wp-content\/uploads\/2020\/04\/coronavirrus-1024x576.jpg\" alt=\"\" class=\"wp-image-8808\" width=\"624\" height=\"351\" srcset=\"https:\/\/www.revistarescatados.com.ar\/web\/wp-content\/uploads\/2020\/04\/coronavirrus-1024x576.jpg 1024w, https:\/\/www.revistarescatados.com.ar\/web\/wp-content\/uploads\/2020\/04\/coronavirrus-300x169.jpg 300w, https:\/\/www.revistarescatados.com.ar\/web\/wp-content\/uploads\/2020\/04\/coronavirrus-768x432.jpg 768w, https:\/\/www.revistarescatados.com.ar\/web\/wp-content\/uploads\/2020\/04\/coronavirrus-1536x864.jpg 1536w, https:\/\/www.revistarescatados.com.ar\/web\/wp-content\/uploads\/2020\/04\/coronavirrus.jpg 1600w\" sizes=\"(max-width: 624px) 100vw, 624px\" \/><\/figure>\n\n\n\n<p><strong><span class=\"has-inline-color has-vivid-red-color\">Solo se han reportado  3 casos nuevos casos de COVID-19: 1 Sancti Spiritu, 1 Capit\u00e1n Berm\u00fadez y 1 Venado Tuerto. Del total de 239 contagiados desde que inici\u00f3 la pandemia, 134 ya fueron dados de alta.<\/span><\/strong><\/p>\n\n\n\n<p>El total de casos desde el comienzo de la pandemia asciende a 239.<\/p>\n\n\n\n<p>De esos casos, 233 fueron atendidos y estudiados en la provincia y 6 fuera de la misma, pero de pacientes con residencia habitual en Santa Fe (1 estudiado en C\u00f3rdoba, 1 en provincia de Buenos Aires, 2 en CABA y 2 en Mendoza).<\/p>\n\n\n\n<p>Hasta la fecha se registraron un total de dos fallecidos para la provincia. Tres pacientes se encuentran en cuidados intensivos, doscon asistencia respiratoria mec\u00e1nica. El resto de los pacientes presenta una evoluci\u00f3n favorable, algunos son internados s\u00f3lo con la finalidad de asegurar el aislamiento.<\/p>\n\n\n\n<p>De los casos atendidos y estudiados en la provincia un total de 134 pacientes confirmados presentan alta (63definitivas y 71 transitorias).<\/p>\n\n\n\n<p>En la provincia se registraron 3857 notificaciones de las cuales 3486 fueron descartadas y 132 contin\u00faan en estudio.<\/p>\n","protected":false},"excerpt":{"rendered":"<p>Solo se han reportado 3 casos nuevos casos de COVID-19: 1 Sancti Spiritu, 1 Capit\u00e1n Berm\u00fadez y 1 Venado Tuerto. Del total de 239 contagiados desde que inici\u00f3 la pandemia, 134 ya&#46;&#46;&#46;<\/p>\n","protected":false},"author":1,"featured_media":8808,"comment_status":"closed","ping_status":"open","sticky":false,"template":"","format":"standard","meta":[],"categories":[12,9,8],"tags":[],"_links":{"self":[{"href":"https:\/\/www.revistarescatados.com.ar\/web\/wp-json\/wp\/v2\/posts\/8967"}],"collection":[{"href":"https:\/\/www.revistarescatados.com.ar\/web\/wp-json\/wp\/v2\/posts"}],"about":[{"href":"https:\/\/www.revistarescatados.com.ar\/web\/wp-json\/wp\/v2\/types\/post"}],"author":[{"embeddable":true,"href":"https:\/\/www.revistarescatados.com.ar\/web\/wp-json\/wp\/v2\/users\/1"}],"replies":[{"embeddable":true,"href":"https:\/\/www.revistarescatados.com.ar\/web\/wp-json\/wp\/v2\/comments?post=8967"}],"version-history":[{"count":1,"href":"https:\/\/www.revistarescatados.com.ar\/web\/wp-json\/wp\/v2\/posts\/8967\/revisions"}],"predecessor-version":[{"id":8968,"href":"https:\/\/www.revistarescatados.com.ar\/web\/wp-json\/wp\/v2\/posts\/8967\/revisions\/8968"}],"wp:featuredmedia":[{"embeddable":true,"href":"https:\/\/www.revistarescatados.com.ar\/web\/wp-json\/wp\/v2\/media\/8808"}],"wp:attachment":[{"href":"https:\/\/www.revistarescatados.com.ar\/web\/wp-json\/wp\/v2\/media?parent=8967"}],"wp:term":[{"taxonomy":"category","embeddable":true,"href":"https:\/\/www.revistarescatados.com.ar\/web\/wp-json\/wp\/v2\/categories?post=8967"},{"taxonomy":"post_tag","embeddable":true,"href":"https:\/\/www.revistarescatados.com.ar\/web\/wp-json\/wp\/v2\/tags?post=8967"}],"curies":[{"name":"wp","href":"https:\/\/api.w.org\/{rel}","templated":true}]}}