{"id":8993,"date":"2020-04-26T23:35:44","date_gmt":"2020-04-27T02:35:44","guid":{"rendered":"http:\/\/www.revistarescatados.com.ar\/web\/?p=8993"},"modified":"2020-04-26T23:35:46","modified_gmt":"2020-04-27T02:35:46","slug":"la-policia-de-calchaqui-labro-infracciones-a-la-cuarentena-durante-el-fin-de-semana","status":"publish","type":"post","link":"https:\/\/www.revistarescatados.com.ar\/web\/2020\/04\/26\/la-policia-de-calchaqui-labro-infracciones-a-la-cuarentena-durante-el-fin-de-semana\/","title":{"rendered":"La polic\u00eda de Calchaqu\u00ed labr\u00f3 infracciones a la cuarentena durante el fin de semana"},"content":{"rendered":"\n<figure class=\"wp-block-image size-large\"><img loading=\"lazy\" width=\"700\" height=\"493\" src=\"http:\/\/www.revistarescatados.com.ar\/web\/wp-content\/uploads\/2020\/04\/violacion-de-cuarentena.jpg\" alt=\"\" class=\"wp-image-8994\" srcset=\"https:\/\/www.revistarescatados.com.ar\/web\/wp-content\/uploads\/2020\/04\/violacion-de-cuarentena.jpg 700w, https:\/\/www.revistarescatados.com.ar\/web\/wp-content\/uploads\/2020\/04\/violacion-de-cuarentena-300x211.jpg 300w\" sizes=\"(max-width: 700px) 100vw, 700px\" \/><\/figure>\n\n\n\n<p><strong><span style=\"color:#3c11ea\" class=\"has-inline-color\">Mediante patrullajes se detuvieron a varias personas mayores y menores violando el ASPO; asimismo \u201cLos Pumas\u201d aprendi\u00f3 a dos hombres y una mujer en la zona rural. A nivel departamental ya se trasladaron a 755 personas y secuestraron 257 veh\u00edculos.<\/span><\/strong><\/p>\n\n\n\n<p>El s\u00e1bado, personal de la Comisar\u00eda II dio inicio actuaciones caratuladas &#8220;INFRACCION ART. 205 Y 239 CPA&#8221;, en el marco del aislamiento social preventivo y obligatorio decreto 297\/2020. <\/p>\n\n\n\n<p>Fueron detenidas varias personas mayores y menores quienes circulaban en la v\u00eda p\u00fablica en diferentes lugares de la ciudad. Los menores fueron entregados a sus progenitores.<\/p>\n\n\n\n<p>Asimismo, en la zona rural de Calchaqu\u00ed, personal de \u201cLos Pumas\u201d, aprehendi\u00f3 a una mujer y dos hombres, todos mayores de edad, por violaci\u00f3n de la cuarentena. No se realiz\u00f3 ning\u00fan secuestro. Interviene la Fiscal\u00eda de Vera.<\/p>\n\n\n\n<p>En el departamento Vera, la estad\u00edstica de personas detenidas contin\u00faa en aumento. Al 26 de abril, unas 755 personas han sido trasladadas inclusive menores ; hay 257 veh\u00edculos secuestrados inclusive bicicletas y se realizaron 640 procedimientos en virtud de los art\u00edculos 205 y 239 C.P.<\/p>\n","protected":false},"excerpt":{"rendered":"<p>Mediante patrullajes se detuvieron a varias personas mayores y menores violando el ASPO; asimismo \u201cLos Pumas\u201d aprendi\u00f3 a dos hombres y una mujer en la zona rural. A nivel departamental ya se&#46;&#46;&#46;<\/p>\n","protected":false},"author":1,"featured_media":8994,"comment_status":"closed","ping_status":"open","sticky":false,"template":"","format":"standard","meta":[],"categories":[2,3,11],"tags":[],"_links":{"self":[{"href":"https:\/\/www.revistarescatados.com.ar\/web\/wp-json\/wp\/v2\/posts\/8993"}],"collection":[{"href":"https:\/\/www.revistarescatados.com.ar\/web\/wp-json\/wp\/v2\/posts"}],"about":[{"href":"https:\/\/www.revistarescatados.com.ar\/web\/wp-json\/wp\/v2\/types\/post"}],"author":[{"embeddable":true,"href":"https:\/\/www.revistarescatados.com.ar\/web\/wp-json\/wp\/v2\/users\/1"}],"replies":[{"embeddable":true,"href":"https:\/\/www.revistarescatados.com.ar\/web\/wp-json\/wp\/v2\/comments?post=8993"}],"version-history":[{"count":1,"href":"https:\/\/www.revistarescatados.com.ar\/web\/wp-json\/wp\/v2\/posts\/8993\/revisions"}],"predecessor-version":[{"id":8995,"href":"https:\/\/www.revistarescatados.com.ar\/web\/wp-json\/wp\/v2\/posts\/8993\/revisions\/8995"}],"wp:featuredmedia":[{"embeddable":true,"href":"https:\/\/www.revistarescatados.com.ar\/web\/wp-json\/wp\/v2\/media\/8994"}],"wp:attachment":[{"href":"https:\/\/www.revistarescatados.com.ar\/web\/wp-json\/wp\/v2\/media?parent=8993"}],"wp:term":[{"taxonomy":"category","embeddable":true,"href":"https:\/\/www.revistarescatados.com.ar\/web\/wp-json\/wp\/v2\/categories?post=8993"},{"taxonomy":"post_tag","embeddable":true,"href":"https:\/\/www.revistarescatados.com.ar\/web\/wp-json\/wp\/v2\/tags?post=8993"}],"curies":[{"name":"wp","href":"https:\/\/api.w.org\/{rel}","templated":true}]}}