{"id":9133,"date":"2020-05-08T23:01:36","date_gmt":"2020-05-09T02:01:36","guid":{"rendered":"http:\/\/www.revistarescatados.com.ar\/web\/?p=9133"},"modified":"2020-05-08T23:01:38","modified_gmt":"2020-05-09T02:01:38","slug":"dos-nuevos-casos-de-dengue-autoctono-en-calchaqui","status":"publish","type":"post","link":"https:\/\/www.revistarescatados.com.ar\/web\/2020\/05\/08\/dos-nuevos-casos-de-dengue-autoctono-en-calchaqui\/","title":{"rendered":"Dos nuevos casos de dengue aut\u00f3ctono en Calchaqu\u00ed"},"content":{"rendered":"\n<figure class=\"wp-block-image size-large\"><img loading=\"lazy\" width=\"653\" height=\"364\" src=\"http:\/\/www.revistarescatados.com.ar\/web\/wp-content\/uploads\/2020\/04\/prevencion-dengue.jpg\" alt=\"\" class=\"wp-image-8801\" srcset=\"https:\/\/www.revistarescatados.com.ar\/web\/wp-content\/uploads\/2020\/04\/prevencion-dengue.jpg 653w, https:\/\/www.revistarescatados.com.ar\/web\/wp-content\/uploads\/2020\/04\/prevencion-dengue-300x167.jpg 300w\" sizes=\"(max-width: 653px) 100vw, 653px\" \/><\/figure>\n\n\n\n<p><strong><span style=\"color:#1c1ff0\" class=\"has-inline-color\">Los an\u00e1lisis de laboratorio confirmaron que hay dos personas que contrajeron la enfermedad en la ciudad, sin antecedente de viaje. As\u00ed ya son 6 los casos registrados en una zona c\u00e9ntrica de la urbe.<\/span><\/strong><\/p>\n\n\n\n<p>Se confirm\u00f3 que hay dos nuevos casos de dengue aut\u00f3ctono en nuestra ciudad.<\/p>\n\n\n\n<p>Recordamos que ya se hab\u00edan registrado dos casos importados y dos aut\u00f3ctonos.<\/p>\n\n\n\n<p>La campa\u00f1a de fumigaci\u00f3n contin\u00faa intensific\u00e1ndose y se solicita que se eliminen los recipientes que puedan acumular agua en los hogares.<\/p>\n\n\n\n<figure class=\"wp-block-image size-large\"><img loading=\"lazy\" width=\"1024\" height=\"1024\" src=\"http:\/\/www.revistarescatados.com.ar\/web\/wp-content\/uploads\/2020\/04\/prevenci\u00f3n-dengue-2-1024x1024.jpg\" alt=\"\" class=\"wp-image-8909\" srcset=\"https:\/\/www.revistarescatados.com.ar\/web\/wp-content\/uploads\/2020\/04\/prevenci\u00f3n-dengue-2-1024x1024.jpg 1024w, https:\/\/www.revistarescatados.com.ar\/web\/wp-content\/uploads\/2020\/04\/prevenci\u00f3n-dengue-2-300x300.jpg 300w, https:\/\/www.revistarescatados.com.ar\/web\/wp-content\/uploads\/2020\/04\/prevenci\u00f3n-dengue-2-150x150.jpg 150w, https:\/\/www.revistarescatados.com.ar\/web\/wp-content\/uploads\/2020\/04\/prevenci\u00f3n-dengue-2-768x768.jpg 768w, https:\/\/www.revistarescatados.com.ar\/web\/wp-content\/uploads\/2020\/04\/prevenci\u00f3n-dengue-2-160x160.jpg 160w, https:\/\/www.revistarescatados.com.ar\/web\/wp-content\/uploads\/2020\/04\/prevenci\u00f3n-dengue-2-320x320.jpg 320w, https:\/\/www.revistarescatados.com.ar\/web\/wp-content\/uploads\/2020\/04\/prevenci\u00f3n-dengue-2.jpg 1280w\" sizes=\"(max-width: 1024px) 100vw, 1024px\" \/><\/figure>\n\n\n\n<p><strong><span style=\"color:#2415c9\" class=\"has-inline-color\">DENGUE<\/span><\/strong><\/p>\n\n\n\n<p>La mejor forma de combatir el DENGUE es<br>eliminando los mosquitos.<\/p>\n\n\n\n<p>La enfermedad es trasmitida por la picadura del mosquito &#8220;Aedes Aegypti&#8221; infectado (nunca de una persona a otra).<\/p>\n\n\n\n<p><strong>?\ufe0fELIMINAR LOS LUGARES DONDE SE DESARROLLAN:<\/strong><\/p>\n\n\n\n<p>\u25ab\ufe0fTirar los objetos en desuso<br>\u25ab\ufe0fDesmalezar patios y cunetas<br>\u25ab\ufe0fDar vuelta baldes y otros recipientes<br>\u25ab\ufe0fLimpiar bebederos de animales diariamente<br>\u25ab\ufe0fCambiar el agua de los floreros cada dos d\u00edas<br>\u25ab\ufe0fTapar recipientes en los que se acumule agua<\/p>\n\n\n\n<p><strong>?\ufe0fEVITAR LAS PICADURAS DE MOSQUITOS<\/strong><\/p>\n\n\n\n<p><strong>?\ufe0fS\u00cdNTOMAS:<\/strong><\/p>\n\n\n\n<p>\u25ab\ufe0fFiebre intensa y constante<br>\u25ab\ufe0fDolor de cabeza y detr\u00e1s de los ojos<br>\u25ab\ufe0fFuerte dolor muscular o en las articulaciones<br>\u25ab\ufe0fV\u00f3mito o diarrea<br>\u25ab\ufe0fDolor abdominal intenso<br>\u25ab\ufe0fSarpullido y manchas rojas<\/p>\n\n\n\n<p><strong><em>NUNCA TE AUTOMEDIQUES\u2757 CONSULT\u00c1 AL M\u00c9DICO<\/em><\/strong><\/p>\n","protected":false},"excerpt":{"rendered":"<p>Los an\u00e1lisis de laboratorio confirmaron que hay dos personas que contrajeron la enfermedad en la ciudad, sin antecedente de viaje. As\u00ed ya son 6 los casos registrados en una zona c\u00e9ntrica de&#46;&#46;&#46;<\/p>\n","protected":false},"author":1,"featured_media":8804,"comment_status":"closed","ping_status":"open","sticky":false,"template":"","format":"standard","meta":[],"categories":[2,3,16,9],"tags":[],"_links":{"self":[{"href":"https:\/\/www.revistarescatados.com.ar\/web\/wp-json\/wp\/v2\/posts\/9133"}],"collection":[{"href":"https:\/\/www.revistarescatados.com.ar\/web\/wp-json\/wp\/v2\/posts"}],"about":[{"href":"https:\/\/www.revistarescatados.com.ar\/web\/wp-json\/wp\/v2\/types\/post"}],"author":[{"embeddable":true,"href":"https:\/\/www.revistarescatados.com.ar\/web\/wp-json\/wp\/v2\/users\/1"}],"replies":[{"embeddable":true,"href":"https:\/\/www.revistarescatados.com.ar\/web\/wp-json\/wp\/v2\/comments?post=9133"}],"version-history":[{"count":1,"href":"https:\/\/www.revistarescatados.com.ar\/web\/wp-json\/wp\/v2\/posts\/9133\/revisions"}],"predecessor-version":[{"id":9134,"href":"https:\/\/www.revistarescatados.com.ar\/web\/wp-json\/wp\/v2\/posts\/9133\/revisions\/9134"}],"wp:featuredmedia":[{"embeddable":true,"href":"https:\/\/www.revistarescatados.com.ar\/web\/wp-json\/wp\/v2\/media\/8804"}],"wp:attachment":[{"href":"https:\/\/www.revistarescatados.com.ar\/web\/wp-json\/wp\/v2\/media?parent=9133"}],"wp:term":[{"taxonomy":"category","embeddable":true,"href":"https:\/\/www.revistarescatados.com.ar\/web\/wp-json\/wp\/v2\/categories?post=9133"},{"taxonomy":"post_tag","embeddable":true,"href":"https:\/\/www.revistarescatados.com.ar\/web\/wp-json\/wp\/v2\/tags?post=9133"}],"curies":[{"name":"wp","href":"https:\/\/api.w.org\/{rel}","templated":true}]}}