{"id":9142,"date":"2020-05-09T22:55:10","date_gmt":"2020-05-10T01:55:10","guid":{"rendered":"http:\/\/www.revistarescatados.com.ar\/web\/?p=9142"},"modified":"2020-05-09T22:55:11","modified_gmt":"2020-05-10T01:55:11","slug":"calchaqui-mato-a-una-perra-de-un-escopetazo-porque-le-comia-las-gallinas","status":"publish","type":"post","link":"https:\/\/www.revistarescatados.com.ar\/web\/2020\/05\/09\/calchaqui-mato-a-una-perra-de-un-escopetazo-porque-le-comia-las-gallinas\/","title":{"rendered":"Calchaqu\u00ed: Mat\u00f3 a una perra de un escopetazo porque le com\u00eda las gallinas"},"content":{"rendered":"\n<figure class=\"wp-block-image size-large\"><img loading=\"lazy\" width=\"960\" height=\"540\" src=\"http:\/\/www.revistarescatados.com.ar\/web\/wp-content\/uploads\/2020\/05\/perra.jpg\" alt=\"\" class=\"wp-image-9143\" srcset=\"https:\/\/www.revistarescatados.com.ar\/web\/wp-content\/uploads\/2020\/05\/perra.jpg 960w, https:\/\/www.revistarescatados.com.ar\/web\/wp-content\/uploads\/2020\/05\/perra-300x169.jpg 300w, https:\/\/www.revistarescatados.com.ar\/web\/wp-content\/uploads\/2020\/05\/perra-768x432.jpg 768w\" sizes=\"(max-width: 960px) 100vw, 960px\" \/><\/figure>\n\n\n\n<p><strong><span style=\"color:#311dc7\" class=\"has-inline-color\">La polic\u00eda secuestr\u00f3 el arma de fuego en barrio Gardelito, tras la denuncia del propietario del can. Se labraron actuaciones por da\u00f1o y tenencia de arma de fuego de uso civil sin autorizaci\u00f3n.<\/span><\/strong><\/p>\n\n\n\n<p>Personal policial de la Comisaria Segunda de Calchaqu\u00ed tom\u00f3 intervenci\u00f3n &#8211; seg\u00fan el parte policial de este s\u00e1bado 9 de mayo &#8211; a ra\u00edz de la denuncia formulada por un vecino de ese medio.<\/p>\n\n\n\n<p>&nbsp;Procedieron al secuestro de una escopeta en poder de un hombre, mayor de edad, quien momentos antes tras efectuar un disparo mata a un can propiedad del denunciante. Se labraron actuaciones por Infracci\u00f3n a los art. 189 Bis y Da\u00f1o. Interviene Unidad Fiscal Nro 4- Vera.-<\/p>\n\n\n\n<p>Desde el grupo proteccionista \u201cPatitas sin rumbo\u201d expresaron su indignaci\u00f3n ante el hecho. \u201cUn vecino de nuestra ciudad mat\u00f3 de un tiro a una perrita, sin ning\u00fan motivo. La denuncia a este se\u00f1or ya fue realizada pero no quer\u00edamos dejar pasar ese hecho que al grupo le duele tanto\u201d, indicaron.<\/p>\n\n\n\n<p>\u201c\u00c9l a los due\u00f1os de la perrita les dijo que la mato porque le mataba las gallinas, la perrita no ten\u00eda ni una pluma en la boca. Nadie tiene el derecho de terminar con la vida de nadie!\u201d, expresaron.<\/p>\n\n\n\n<p>Adem\u00e1s compartieron el informe de la necropsia realizada por un veterinario de la ciudad.<\/p>\n\n\n\n<figure class=\"wp-block-image size-large\"><img loading=\"lazy\" width=\"720\" height=\"960\" src=\"http:\/\/www.revistarescatados.com.ar\/web\/wp-content\/uploads\/2020\/05\/perra-informe.jpg\" alt=\"\" class=\"wp-image-9144\" srcset=\"https:\/\/www.revistarescatados.com.ar\/web\/wp-content\/uploads\/2020\/05\/perra-informe.jpg 720w, https:\/\/www.revistarescatados.com.ar\/web\/wp-content\/uploads\/2020\/05\/perra-informe-225x300.jpg 225w\" sizes=\"(max-width: 720px) 100vw, 720px\" \/><\/figure>\n","protected":false},"excerpt":{"rendered":"<p>La polic\u00eda secuestr\u00f3 el arma de fuego en barrio Gardelito, tras la denuncia del propietario del can. Se labraron actuaciones por da\u00f1o y tenencia de arma de fuego de uso civil sin&#46;&#46;&#46;<\/p>\n","protected":false},"author":1,"featured_media":9143,"comment_status":"closed","ping_status":"open","sticky":false,"template":"","format":"standard","meta":[],"categories":[2,3,11,8],"tags":[],"_links":{"self":[{"href":"https:\/\/www.revistarescatados.com.ar\/web\/wp-json\/wp\/v2\/posts\/9142"}],"collection":[{"href":"https:\/\/www.revistarescatados.com.ar\/web\/wp-json\/wp\/v2\/posts"}],"about":[{"href":"https:\/\/www.revistarescatados.com.ar\/web\/wp-json\/wp\/v2\/types\/post"}],"author":[{"embeddable":true,"href":"https:\/\/www.revistarescatados.com.ar\/web\/wp-json\/wp\/v2\/users\/1"}],"replies":[{"embeddable":true,"href":"https:\/\/www.revistarescatados.com.ar\/web\/wp-json\/wp\/v2\/comments?post=9142"}],"version-history":[{"count":1,"href":"https:\/\/www.revistarescatados.com.ar\/web\/wp-json\/wp\/v2\/posts\/9142\/revisions"}],"predecessor-version":[{"id":9145,"href":"https:\/\/www.revistarescatados.com.ar\/web\/wp-json\/wp\/v2\/posts\/9142\/revisions\/9145"}],"wp:featuredmedia":[{"embeddable":true,"href":"https:\/\/www.revistarescatados.com.ar\/web\/wp-json\/wp\/v2\/media\/9143"}],"wp:attachment":[{"href":"https:\/\/www.revistarescatados.com.ar\/web\/wp-json\/wp\/v2\/media?parent=9142"}],"wp:term":[{"taxonomy":"category","embeddable":true,"href":"https:\/\/www.revistarescatados.com.ar\/web\/wp-json\/wp\/v2\/categories?post=9142"},{"taxonomy":"post_tag","embeddable":true,"href":"https:\/\/www.revistarescatados.com.ar\/web\/wp-json\/wp\/v2\/tags?post=9142"}],"curies":[{"name":"wp","href":"https:\/\/api.w.org\/{rel}","templated":true}]}}