{"id":9155,"date":"2020-05-09T23:33:42","date_gmt":"2020-05-10T02:33:42","guid":{"rendered":"http:\/\/www.revistarescatados.com.ar\/web\/?p=9155"},"modified":"2020-05-09T23:33:44","modified_gmt":"2020-05-10T02:33:44","slug":"es-focalizado-el-contagio-de-dengue-en-calchaqui-video","status":"publish","type":"post","link":"https:\/\/www.revistarescatados.com.ar\/web\/2020\/05\/09\/es-focalizado-el-contagio-de-dengue-en-calchaqui-video\/","title":{"rendered":"Es focalizado el contagio de dengue en Calchaqu\u00ed (video)"},"content":{"rendered":"\n<figure class=\"wp-block-image size-large\"><img loading=\"lazy\" width=\"720\" height=\"501\" src=\"http:\/\/www.revistarescatados.com.ar\/web\/wp-content\/uploads\/2020\/05\/fumigacion.jpg\" alt=\"\" class=\"wp-image-9156\" srcset=\"https:\/\/www.revistarescatados.com.ar\/web\/wp-content\/uploads\/2020\/05\/fumigacion.jpg 720w, https:\/\/www.revistarescatados.com.ar\/web\/wp-content\/uploads\/2020\/05\/fumigacion-300x209.jpg 300w\" sizes=\"(max-width: 720px) 100vw, 720px\" \/><\/figure>\n\n\n\n<p><strong><span style=\"color:#251ccb\" class=\"has-inline-color\">As\u00ed lo aseguro el coordinador de Salud del departamento Vera, Dr. Jorge Facelli. Los 6 casos hasta ahora confirmados se han dado en una misma manzana. \u201cEl foco est\u00e1 all\u00ed, hay que combatirlo y ser perseverantes con el descacharrado\u201d, destac\u00f3.<\/span><\/strong><\/p>\n\n\n\n<p>Este viernes 8 de mayo, se confirm\u00f3 la presencia de dos nuevos casos de dengue aut\u00f3ctono en la ciudad. En su informe, Facelli se\u00f1al\u00f3 que \u201clos pacientes est\u00e1n estabilizados y van a ser controlados en su domicilio\u201d.<\/p>\n\n\n\n<p>Cabe recordar que esta enfermedad no se transmite de persona a persona, sino cuando el mosquito se alimenta con sangre de una persona enferma de dengue y luego pica a otras. El contagio solo se provoca por la picadura de mosquitos infectados.<\/p>\n\n\n\n<figure class=\"wp-block-embed\"><div class=\"wp-block-embed__wrapper\">\n<div style=\"width: 640px;\" class=\"wp-video\"><!--[if lt IE 9]><script>document.createElement('video');<\/script><![endif]-->\n<video class=\"wp-video-shortcode\" id=\"video-9155-1\" width=\"640\" height=\"360\" preload=\"metadata\" controls=\"controls\"><source type=\"video\/mp4\" src=\"http:\/\/www.revistarescatados.com.ar\/web\/wp-content\/uploads\/2020\/05\/informe-Dr-Facelli.mp4?_=1\" \/><a href=\"http:\/\/www.revistarescatados.com.ar\/web\/wp-content\/uploads\/2020\/05\/informe-Dr-Facelli.mp4\">http:\/\/www.revistarescatados.com.ar\/web\/wp-content\/uploads\/2020\/05\/informe-Dr-Facelli.mp4<\/a><\/video><\/div>\n<\/div><\/figure>\n","protected":false},"excerpt":{"rendered":"<p>As\u00ed lo aseguro el coordinador de Salud del departamento Vera, Dr. Jorge Facelli. Los 6 casos hasta ahora confirmados se han dado en una misma manzana. \u201cEl foco est\u00e1 all\u00ed, hay que&#46;&#46;&#46;<\/p>\n","protected":false},"author":1,"featured_media":9156,"comment_status":"closed","ping_status":"open","sticky":false,"template":"","format":"standard","meta":[],"categories":[2,3,9],"tags":[],"_links":{"self":[{"href":"https:\/\/www.revistarescatados.com.ar\/web\/wp-json\/wp\/v2\/posts\/9155"}],"collection":[{"href":"https:\/\/www.revistarescatados.com.ar\/web\/wp-json\/wp\/v2\/posts"}],"about":[{"href":"https:\/\/www.revistarescatados.com.ar\/web\/wp-json\/wp\/v2\/types\/post"}],"author":[{"embeddable":true,"href":"https:\/\/www.revistarescatados.com.ar\/web\/wp-json\/wp\/v2\/users\/1"}],"replies":[{"embeddable":true,"href":"https:\/\/www.revistarescatados.com.ar\/web\/wp-json\/wp\/v2\/comments?post=9155"}],"version-history":[{"count":1,"href":"https:\/\/www.revistarescatados.com.ar\/web\/wp-json\/wp\/v2\/posts\/9155\/revisions"}],"predecessor-version":[{"id":9158,"href":"https:\/\/www.revistarescatados.com.ar\/web\/wp-json\/wp\/v2\/posts\/9155\/revisions\/9158"}],"wp:featuredmedia":[{"embeddable":true,"href":"https:\/\/www.revistarescatados.com.ar\/web\/wp-json\/wp\/v2\/media\/9156"}],"wp:attachment":[{"href":"https:\/\/www.revistarescatados.com.ar\/web\/wp-json\/wp\/v2\/media?parent=9155"}],"wp:term":[{"taxonomy":"category","embeddable":true,"href":"https:\/\/www.revistarescatados.com.ar\/web\/wp-json\/wp\/v2\/categories?post=9155"},{"taxonomy":"post_tag","embeddable":true,"href":"https:\/\/www.revistarescatados.com.ar\/web\/wp-json\/wp\/v2\/tags?post=9155"}],"curies":[{"name":"wp","href":"https:\/\/api.w.org\/{rel}","templated":true}]}}