{"id":9159,"date":"2020-05-10T21:40:17","date_gmt":"2020-05-11T00:40:17","guid":{"rendered":"http:\/\/www.revistarescatados.com.ar\/web\/?p=9159"},"modified":"2020-05-10T21:40:19","modified_gmt":"2020-05-11T00:40:19","slug":"este-lunes-reabre-la-oficina-comercial-de-la-epe-en-calchaqui","status":"publish","type":"post","link":"https:\/\/www.revistarescatados.com.ar\/web\/2020\/05\/10\/este-lunes-reabre-la-oficina-comercial-de-la-epe-en-calchaqui\/","title":{"rendered":"Este lunes reabre la oficina comercial de la EPE en Calchaqu\u00ed"},"content":{"rendered":"\n<figure class=\"wp-block-image size-large\"><img loading=\"lazy\" width=\"960\" height=\"569\" src=\"http:\/\/www.revistarescatados.com.ar\/web\/wp-content\/uploads\/2018\/10\/EPE-Calchaqui.jpg\" alt=\"\" class=\"wp-image-2137\" srcset=\"https:\/\/www.revistarescatados.com.ar\/web\/wp-content\/uploads\/2018\/10\/EPE-Calchaqui.jpg 960w, https:\/\/www.revistarescatados.com.ar\/web\/wp-content\/uploads\/2018\/10\/EPE-Calchaqui-300x178.jpg 300w, https:\/\/www.revistarescatados.com.ar\/web\/wp-content\/uploads\/2018\/10\/EPE-Calchaqui-768x455.jpg 768w\" sizes=\"(max-width: 960px) 100vw, 960px\" \/><\/figure>\n\n\n\n<p><strong><span class=\"has-inline-color has-vivid-red-color\">La Empresa Provincial de la Energ\u00eda (EPE) informa que a partir de este lunes 11 de mayo reabrir\u00e1 las oficinas comerciales que hasta el momento permanec\u00edan cerradas por la aplicaci\u00f3n del plan de acci\u00f3n de la cuarentena.<\/span><\/strong><\/p>\n\n\n\n<p><br>Se trata de los puntos de atenci\u00f3n en las localidades de Alejandra, \u00c1lvarez, Arroyo Seco, Calchaqu\u00ed, Ca\u00f1ada Rosqu\u00edn, Carlos Pellegrini, Coronda, El Tr\u00e9bol, Florencia, Franck, Frontera, Helvecia, Humboldt, Laguna Paiva, Las Parejas, Las Rosas, Las Toscas, Malabrigo, Mar\u00eda Susana, Montes de Oca, Nelson, Piamonte, Pilar, Progreso, Recreo, Romang, San Carlos Centro, San Crist\u00f3bal, San Genaro, San Guillermo, San Javier, San Jer\u00f3nimo Norte, San Jorge, San Jos\u00e9 del Rinc\u00f3n, San Justo, San Vicente, Santa Clara de Buena Vista, Santo Tome, Sastre, S\u00fanchales, Tostado, Vera, Villa Guillermina, Villa Ocampo.<\/p>\n\n\n\n<p>Cabe consignar que contin\u00faan abiertas las oficinas de atenci\u00f3n al p\u00fablico en Santa Fe, Bulevar Pellegrini y Estanislao Zeballos; en Rosario Oro\u00f1o, Alberdi y Rioja; de Esperanza, Reconquista, Rafaela, Ceres, Ca\u00f1ada de G\u00f3mez, Firmat, Villa Constituci\u00f3n y San Lorenzo.<\/p>\n\n\n\n<p>Adem\u00e1s, la empresa sostiene el esquema de gestiones comerciales por v\u00edas de comunicaci\u00f3n digital (oficina virtual) o telef\u00f3nica al 0800-777-4444 para Rosario y Santa Fe.<\/p>\n","protected":false},"excerpt":{"rendered":"<p>La Empresa Provincial de la Energ\u00eda (EPE) informa que a partir de este lunes 11 de mayo reabrir\u00e1 las oficinas comerciales que hasta el momento permanec\u00edan cerradas por la aplicaci\u00f3n del plan&#46;&#46;&#46;<\/p>\n","protected":false},"author":1,"featured_media":2137,"comment_status":"closed","ping_status":"open","sticky":false,"template":"","format":"standard","meta":[],"categories":[2,3,10],"tags":[],"_links":{"self":[{"href":"https:\/\/www.revistarescatados.com.ar\/web\/wp-json\/wp\/v2\/posts\/9159"}],"collection":[{"href":"https:\/\/www.revistarescatados.com.ar\/web\/wp-json\/wp\/v2\/posts"}],"about":[{"href":"https:\/\/www.revistarescatados.com.ar\/web\/wp-json\/wp\/v2\/types\/post"}],"author":[{"embeddable":true,"href":"https:\/\/www.revistarescatados.com.ar\/web\/wp-json\/wp\/v2\/users\/1"}],"replies":[{"embeddable":true,"href":"https:\/\/www.revistarescatados.com.ar\/web\/wp-json\/wp\/v2\/comments?post=9159"}],"version-history":[{"count":1,"href":"https:\/\/www.revistarescatados.com.ar\/web\/wp-json\/wp\/v2\/posts\/9159\/revisions"}],"predecessor-version":[{"id":9160,"href":"https:\/\/www.revistarescatados.com.ar\/web\/wp-json\/wp\/v2\/posts\/9159\/revisions\/9160"}],"wp:featuredmedia":[{"embeddable":true,"href":"https:\/\/www.revistarescatados.com.ar\/web\/wp-json\/wp\/v2\/media\/2137"}],"wp:attachment":[{"href":"https:\/\/www.revistarescatados.com.ar\/web\/wp-json\/wp\/v2\/media?parent=9159"}],"wp:term":[{"taxonomy":"category","embeddable":true,"href":"https:\/\/www.revistarescatados.com.ar\/web\/wp-json\/wp\/v2\/categories?post=9159"},{"taxonomy":"post_tag","embeddable":true,"href":"https:\/\/www.revistarescatados.com.ar\/web\/wp-json\/wp\/v2\/tags?post=9159"}],"curies":[{"name":"wp","href":"https:\/\/api.w.org\/{rel}","templated":true}]}}