{"id":9188,"date":"2020-05-13T21:05:46","date_gmt":"2020-05-14T00:05:46","guid":{"rendered":"http:\/\/www.revistarescatados.com.ar\/web\/?p=9188"},"modified":"2020-05-13T21:08:37","modified_gmt":"2020-05-14T00:08:37","slug":"este-14-de-mayo-el-coro-sinfonia-otonal-de-san-justo-celebra-su-23-aniversario","status":"publish","type":"post","link":"https:\/\/www.revistarescatados.com.ar\/web\/2020\/05\/13\/este-14-de-mayo-el-coro-sinfonia-otonal-de-san-justo-celebra-su-23-aniversario\/","title":{"rendered":"Este 14 de mayo el coro &#8220;Sinfon\u00eda oto\u00f1al&#8221; de San Justo celebra su 23\u00b0 aniversario"},"content":{"rendered":"\n<figure class=\"wp-block-image size-large\"><img loading=\"lazy\" width=\"1024\" height=\"598\" src=\"http:\/\/www.revistarescatados.com.ar\/web\/wp-content\/uploads\/2020\/05\/coro-san-justo-1024x598.jpg\" alt=\"\" class=\"wp-image-9190\" srcset=\"https:\/\/www.revistarescatados.com.ar\/web\/wp-content\/uploads\/2020\/05\/coro-san-justo-1024x598.jpg 1024w, https:\/\/www.revistarescatados.com.ar\/web\/wp-content\/uploads\/2020\/05\/coro-san-justo-300x175.jpg 300w, https:\/\/www.revistarescatados.com.ar\/web\/wp-content\/uploads\/2020\/05\/coro-san-justo-768x449.jpg 768w, https:\/\/www.revistarescatados.com.ar\/web\/wp-content\/uploads\/2020\/05\/coro-san-justo.jpg 1280w\" sizes=\"(max-width: 1024px) 100vw, 1024px\" \/><\/figure>\n\n\n\n<p><strong><span style=\"color:#2e1de5\" class=\"has-inline-color\">Inicia sus actividades en la escuela privada de m\u00fasica Musijugando, en mayo de 1997, como Coro de Abuelos de car\u00e1cter vocacional, trabajando desde entonces bajo la direcci\u00f3n de la Prof. Mar\u00eda del Huerto Baroni de Coronica, &#8220;Mary&#8221;.<\/span><\/strong><\/p>\n\n\n\n<p><br>Desde sus comienzos viene participando en actos locales, eventos y encuentros corales provinciales, interprovinciales e internacionales, habiendo llevado su canto a los festivales de las provincias de C\u00f3rdoba ( Carlos Paz, Morteros, Capilla del Monte, Cosqu\u00edn, etc), de Salta, de Entre R\u00edos( Crespo), Termas de R\u00edo Hondo, entre otros. En la provincia de Santa Fe, ha actuado en distintas localidades.<\/p>\n\n\n\n<p><br>En su trayectoria es nominado por dos a\u00f1os consecutivos,(2001 y 2002) al premio &#8220;Santa Clara de As\u00eds&#8221;, recibiendo, adem\u00e1s, diversas distinciones y reconocimientos.<br><\/p>\n\n\n\n<p>En el a\u00f1o 2007 pasa a depender de la Municipalidad de San Justo, siendo desde entonces representante del canto coral de los mayores.<br>Es un coro mixto, con edades diversas. Celebra as\u00ed su Vig\u00e9simo Tercer cumplea\u00f1os en medio de una situaci\u00f3n social mundial at\u00edpica, pero sus miembros siguen unidos y con la mira puesta en las pr\u00f3ximas actuaciones cuando pase la pandemia para seguir demostrando que las voces humanas, cuando cantan unidas a la Vida, al Amor y a la Amistad, logran despertar lo mejor del ser humano en sus anhelos de paz y bienestar.<br>(FOTO: FAMILIA CORAL 2019-2020)<\/p>\n","protected":false},"excerpt":{"rendered":"<p>Inicia sus actividades en la escuela privada de m\u00fasica Musijugando, en mayo de 1997, como Coro de Abuelos de car\u00e1cter vocacional, trabajando desde entonces bajo la direcci\u00f3n de la Prof. Mar\u00eda del&#46;&#46;&#46;<\/p>\n","protected":false},"author":1,"featured_media":9190,"comment_status":"closed","ping_status":"open","sticky":false,"template":"","format":"standard","meta":[],"categories":[7,4,8],"tags":[],"_links":{"self":[{"href":"https:\/\/www.revistarescatados.com.ar\/web\/wp-json\/wp\/v2\/posts\/9188"}],"collection":[{"href":"https:\/\/www.revistarescatados.com.ar\/web\/wp-json\/wp\/v2\/posts"}],"about":[{"href":"https:\/\/www.revistarescatados.com.ar\/web\/wp-json\/wp\/v2\/types\/post"}],"author":[{"embeddable":true,"href":"https:\/\/www.revistarescatados.com.ar\/web\/wp-json\/wp\/v2\/users\/1"}],"replies":[{"embeddable":true,"href":"https:\/\/www.revistarescatados.com.ar\/web\/wp-json\/wp\/v2\/comments?post=9188"}],"version-history":[{"count":1,"href":"https:\/\/www.revistarescatados.com.ar\/web\/wp-json\/wp\/v2\/posts\/9188\/revisions"}],"predecessor-version":[{"id":9191,"href":"https:\/\/www.revistarescatados.com.ar\/web\/wp-json\/wp\/v2\/posts\/9188\/revisions\/9191"}],"wp:featuredmedia":[{"embeddable":true,"href":"https:\/\/www.revistarescatados.com.ar\/web\/wp-json\/wp\/v2\/media\/9190"}],"wp:attachment":[{"href":"https:\/\/www.revistarescatados.com.ar\/web\/wp-json\/wp\/v2\/media?parent=9188"}],"wp:term":[{"taxonomy":"category","embeddable":true,"href":"https:\/\/www.revistarescatados.com.ar\/web\/wp-json\/wp\/v2\/categories?post=9188"},{"taxonomy":"post_tag","embeddable":true,"href":"https:\/\/www.revistarescatados.com.ar\/web\/wp-json\/wp\/v2\/tags?post=9188"}],"curies":[{"name":"wp","href":"https:\/\/api.w.org\/{rel}","templated":true}]}}