{"id":9202,"date":"2020-05-13T23:45:00","date_gmt":"2020-05-14T02:45:00","guid":{"rendered":"http:\/\/www.revistarescatados.com.ar\/web\/?p=9202"},"modified":"2020-05-13T23:45:01","modified_gmt":"2020-05-14T02:45:01","slug":"la-cooperativa-de-electrificacion-rural-de-calchaqui-entregara-insumos-al-hospital","status":"publish","type":"post","link":"https:\/\/www.revistarescatados.com.ar\/web\/2020\/05\/13\/la-cooperativa-de-electrificacion-rural-de-calchaqui-entregara-insumos-al-hospital\/","title":{"rendered":"La Cooperativa de Electrificaci\u00f3n Rural de Calchaqu\u00ed entregar\u00e1 insumos al hospital"},"content":{"rendered":"\n<figure class=\"wp-block-image size-large\"><img loading=\"lazy\" width=\"1024\" height=\"683\" src=\"http:\/\/www.revistarescatados.com.ar\/web\/wp-content\/uploads\/2018\/04\/Asamblea-Cooperativa-de-Electrificacion-rural-1024x683.jpg\" alt=\"\" class=\"wp-image-317\" srcset=\"https:\/\/www.revistarescatados.com.ar\/web\/wp-content\/uploads\/2018\/04\/Asamblea-Cooperativa-de-Electrificacion-rural-1024x683.jpg 1024w, https:\/\/www.revistarescatados.com.ar\/web\/wp-content\/uploads\/2018\/04\/Asamblea-Cooperativa-de-Electrificacion-rural-300x200.jpg 300w, https:\/\/www.revistarescatados.com.ar\/web\/wp-content\/uploads\/2018\/04\/Asamblea-Cooperativa-de-Electrificacion-rural-768x512.jpg 768w, https:\/\/www.revistarescatados.com.ar\/web\/wp-content\/uploads\/2018\/04\/Asamblea-Cooperativa-de-Electrificacion-rural.jpg 1383w\" sizes=\"(max-width: 1024px) 100vw, 1024px\" \/><\/figure>\n\n\n\n<p><strong><span style=\"color:#381edb\" class=\"has-inline-color\">La entrega se realizar\u00e1 este viernes 15 de mayo, a las 9 horas. Se donar\u00e1n kits de protocolo, guantes de latex y barbijos. El aporte cooperativista supera los $65.000.<\/span><\/strong><\/p>\n\n\n\n<p>En las oficinas del Samco Hospital \u201cRicardo Aldao\u201d de Calchaqu\u00ed, se desarrollar\u00e1 el acto este viernes por la ma\u00f1ana, del que participar\u00e1 el presidente de la Cooperativa Guillermo Alberio y miembros del concejo de administraci\u00f3n.<\/p>\n\n\n\n<p>El aporte que realizar\u00e1 la Cooperativa de Electrificaci\u00f3n Rural de Calchaqu\u00ed, incluye:<\/p>\n\n\n\n<p>70&nbsp; KIT&nbsp; DE PROTOCOLO(CAMISOLIN,BOTA Y COFIA)<\/p>\n\n\n\n<p>400 GUANTES DE LATEX<\/p>\n\n\n\n<p>400 BARBIJOS-AUTORIZADOS POR ANMAT<\/p>\n\n\n\n<p><strong>VALOR TOTAL:\u00a0 $ 65582,00<\/strong><\/p>\n","protected":false},"excerpt":{"rendered":"<p>La entrega se realizar\u00e1 este viernes 15 de mayo, a las 9 horas. Se donar\u00e1n kits de protocolo, guantes de latex y barbijos. El aporte cooperativista supera los $65.000. En las oficinas&#46;&#46;&#46;<\/p>\n","protected":false},"author":1,"featured_media":318,"comment_status":"closed","ping_status":"open","sticky":false,"template":"","format":"standard","meta":[],"categories":[3,10,9,8],"tags":[],"_links":{"self":[{"href":"https:\/\/www.revistarescatados.com.ar\/web\/wp-json\/wp\/v2\/posts\/9202"}],"collection":[{"href":"https:\/\/www.revistarescatados.com.ar\/web\/wp-json\/wp\/v2\/posts"}],"about":[{"href":"https:\/\/www.revistarescatados.com.ar\/web\/wp-json\/wp\/v2\/types\/post"}],"author":[{"embeddable":true,"href":"https:\/\/www.revistarescatados.com.ar\/web\/wp-json\/wp\/v2\/users\/1"}],"replies":[{"embeddable":true,"href":"https:\/\/www.revistarescatados.com.ar\/web\/wp-json\/wp\/v2\/comments?post=9202"}],"version-history":[{"count":1,"href":"https:\/\/www.revistarescatados.com.ar\/web\/wp-json\/wp\/v2\/posts\/9202\/revisions"}],"predecessor-version":[{"id":9203,"href":"https:\/\/www.revistarescatados.com.ar\/web\/wp-json\/wp\/v2\/posts\/9202\/revisions\/9203"}],"wp:featuredmedia":[{"embeddable":true,"href":"https:\/\/www.revistarescatados.com.ar\/web\/wp-json\/wp\/v2\/media\/318"}],"wp:attachment":[{"href":"https:\/\/www.revistarescatados.com.ar\/web\/wp-json\/wp\/v2\/media?parent=9202"}],"wp:term":[{"taxonomy":"category","embeddable":true,"href":"https:\/\/www.revistarescatados.com.ar\/web\/wp-json\/wp\/v2\/categories?post=9202"},{"taxonomy":"post_tag","embeddable":true,"href":"https:\/\/www.revistarescatados.com.ar\/web\/wp-json\/wp\/v2\/tags?post=9202"}],"curies":[{"name":"wp","href":"https:\/\/api.w.org\/{rel}","templated":true}]}}