{"id":932,"date":"2018-06-21T22:33:06","date_gmt":"2018-06-22T01:33:06","guid":{"rendered":"http:\/\/www.revistarescatados.com.ar\/web\/?p=932"},"modified":"2018-06-21T22:33:06","modified_gmt":"2018-06-22T01:33:06","slug":"comenzo-el-juicio-a-manuco-retamar-por-el-crimen-de-una-joven-cordobesa","status":"publish","type":"post","link":"https:\/\/www.revistarescatados.com.ar\/web\/2018\/06\/21\/comenzo-el-juicio-a-manuco-retamar-por-el-crimen-de-una-joven-cordobesa\/","title":{"rendered":"Comenz\u00f3 el juicio a \u201cManuco\u201d Retamar por el crimen de una joven cordobesa"},"content":{"rendered":"<p><img loading=\"lazy\" class=\"aligncenter size-full wp-image-933\" src=\"http:\/\/www.revistarescatados.com.ar\/web\/wp-content\/uploads\/2018\/06\/Manuco-Retamar.jpg\" alt=\"\" width=\"533\" height=\"300\" srcset=\"https:\/\/www.revistarescatados.com.ar\/web\/wp-content\/uploads\/2018\/06\/Manuco-Retamar.jpg 533w, https:\/\/www.revistarescatados.com.ar\/web\/wp-content\/uploads\/2018\/06\/Manuco-Retamar-300x169.jpg 300w\" sizes=\"(max-width: 533px) 100vw, 533px\" \/><\/p>\n<p><span style=\"color: #0000ff;\"><strong>Este jueves 21 se llev\u00f3 a cabo la primera audiencia a puertas cerradas por el crimen de Brenda Arnoletto el 28 de noviembre del 2016 en Pozo del Molle.\u00a0Habr\u00eda declarado que a la hora del hecho por el que se lo acusa estaba viajando en un cami\u00f3n hacia el campo donde trabajaba.<\/strong><\/span><\/p>\n<p>El \u00fanico imputado por homicidio doblemente calificado, por cr\u00edminis causa (matar para ocultar otro delito, en este caso el abuso sexual) y abuso sexual con acceso carnal es Emanuel Retamar de 38 a\u00f1os de edad.<\/p>\n<p>Retamar declar\u00f3 durante la audiencia y dijo que, a la hora del hecho por el que se lo acusa estaba viajando en un cami\u00f3n hacia el campo donde trabajaba.<\/p>\n<p>De esa manera intent\u00f3 desentenderse del femicidio, aunque lo involucran directamente los resultados de las pruebas de ADN halladas en el cuerpo de la v\u00edctima y encontradas en prendas del supuesto femicida.<\/p>\n<p>Adem\u00e1s, el jurado popular escuch\u00f3 la declaraci\u00f3n de la hermana de Brenda, con quien la joven de 24 a\u00f1os hab\u00eda salido a caminar aquella noche y quien previo acuerdo con la v\u00edctima regres\u00f3 a su casa minutos antes del crimen.<\/p>\n<p>El juicio contin\u00faa el viernes 22 con la declaraci\u00f3n de ocho testigos y la sentencia se conocer\u00eda el mi\u00e9rcoles 27 de junio.<\/p>\n<p>Fuente: Villa Mar\u00eda VIVO<\/p>\n","protected":false},"excerpt":{"rendered":"<p>Este jueves 21 se llev\u00f3 a cabo la primera audiencia a puertas cerradas por el crimen de Brenda Arnoletto el 28 de noviembre del 2016 en Pozo del Molle.\u00a0Habr\u00eda declarado que a&#46;&#46;&#46;<\/p>\n","protected":false},"author":1,"featured_media":933,"comment_status":"closed","ping_status":"open","sticky":false,"template":"","format":"standard","meta":[],"categories":[2,8],"tags":[],"_links":{"self":[{"href":"https:\/\/www.revistarescatados.com.ar\/web\/wp-json\/wp\/v2\/posts\/932"}],"collection":[{"href":"https:\/\/www.revistarescatados.com.ar\/web\/wp-json\/wp\/v2\/posts"}],"about":[{"href":"https:\/\/www.revistarescatados.com.ar\/web\/wp-json\/wp\/v2\/types\/post"}],"author":[{"embeddable":true,"href":"https:\/\/www.revistarescatados.com.ar\/web\/wp-json\/wp\/v2\/users\/1"}],"replies":[{"embeddable":true,"href":"https:\/\/www.revistarescatados.com.ar\/web\/wp-json\/wp\/v2\/comments?post=932"}],"version-history":[{"count":1,"href":"https:\/\/www.revistarescatados.com.ar\/web\/wp-json\/wp\/v2\/posts\/932\/revisions"}],"predecessor-version":[{"id":934,"href":"https:\/\/www.revistarescatados.com.ar\/web\/wp-json\/wp\/v2\/posts\/932\/revisions\/934"}],"wp:featuredmedia":[{"embeddable":true,"href":"https:\/\/www.revistarescatados.com.ar\/web\/wp-json\/wp\/v2\/media\/933"}],"wp:attachment":[{"href":"https:\/\/www.revistarescatados.com.ar\/web\/wp-json\/wp\/v2\/media?parent=932"}],"wp:term":[{"taxonomy":"category","embeddable":true,"href":"https:\/\/www.revistarescatados.com.ar\/web\/wp-json\/wp\/v2\/categories?post=932"},{"taxonomy":"post_tag","embeddable":true,"href":"https:\/\/www.revistarescatados.com.ar\/web\/wp-json\/wp\/v2\/tags?post=932"}],"curies":[{"name":"wp","href":"https:\/\/api.w.org\/{rel}","templated":true}]}}