{"id":9347,"date":"2020-05-24T22:34:08","date_gmt":"2020-05-25T01:34:08","guid":{"rendered":"http:\/\/www.revistarescatados.com.ar\/web\/?p=9347"},"modified":"2020-05-24T22:34:11","modified_gmt":"2020-05-25T01:34:11","slug":"se-extendera-la-cuarentena-hasta-el-7-de-junio","status":"publish","type":"post","link":"https:\/\/www.revistarescatados.com.ar\/web\/2020\/05\/24\/se-extendera-la-cuarentena-hasta-el-7-de-junio\/","title":{"rendered":"Se extender\u00e1 la cuarentena hasta el 7 de junio"},"content":{"rendered":"\n<figure class=\"wp-block-image size-large\"><img loading=\"lazy\" width=\"800\" height=\"600\" src=\"http:\/\/www.revistarescatados.com.ar\/web\/wp-content\/uploads\/2020\/05\/Alberto-fernandez.jpg\" alt=\"\" class=\"wp-image-9348\" srcset=\"https:\/\/www.revistarescatados.com.ar\/web\/wp-content\/uploads\/2020\/05\/Alberto-fernandez.jpg 800w, https:\/\/www.revistarescatados.com.ar\/web\/wp-content\/uploads\/2020\/05\/Alberto-fernandez-300x225.jpg 300w, https:\/\/www.revistarescatados.com.ar\/web\/wp-content\/uploads\/2020\/05\/Alberto-fernandez-768x576.jpg 768w\" sizes=\"(max-width: 800px) 100vw, 800px\" \/><\/figure>\n\n\n\n<p><strong><span class=\"has-inline-color has-vivid-red-color\">\u201cVa a durar lo que tenga que durar, qu\u00e9 me importa si es la m\u00e1s larga del mundo\u201d, indic\u00f3 el presidente Alberto Fern\u00e1ndez. Tambi\u00e9n inform\u00f3 que el 85% de los contagios se registra en la capital federal y conurbano bonaerense.<\/span> <span class=\"has-inline-color has-vivid-red-color\"> Advirti\u00f3 que la propagaci\u00f3n del coronavirus, \u201cse da en los barrios populares\u201d<\/span><\/strong>.<\/p>\n\n\n\n<p>El presidente Alberto Fern\u00e1ndez anunci\u00f3 este s\u00e1bado por la noche que el aislamiento social, preventivo y obligatorio se extender\u00e1 hasta el 7 de junio inclusive, al dar una conferencia de prensa en la residencia de Olivos, donde tambi\u00e9n expres\u00f3 su preocupaci\u00f3n por el crecimiento de contagios en la Ciudad de Buenos Aires. Adem\u00e1s, defendi\u00f3 la cuarentena: \u201cVa a durar lo que tenga que durar, qu\u00e9 me importa si es la m\u00e1s larga del mundo\u201d.<\/p>\n\n\n\n<p>\u201cEn el Amba el virus est\u00e1 circulando por las calles. En lo posible mantenganse en sus casas\u201d, recomend\u00f3 el mandatario, y anunci\u00f3 que \u201cse va a acotar el ingreso a la ciudad de Buenos Aires: van a caducar los permisos que ten\u00edan y deber\u00e1n reinscribirse\u201d.<\/p>\n\n\n\n<p>El jefe de Estado \u2013que estuvo acompa\u00f1ado por el gobernador de Buenos Aires, Axel Kicillof, y el Jefe de la Ciudad de Buenos Aires, Horacio Rodr\u00edguez Larreta\u2013 defendi\u00f3 la cuarentena dispuesta en el pa\u00eds. \u201cHemos logrado resultados interesantes con el aislamiento\u201d, destac\u00f3, y aclar\u00f3 que \u201cel lugar de mayor conflicto es ciudad y conurbano bonaerense\u201d. Y agreg\u00f3: \u201cEl virus entr\u00f3 a los barrios populares donde mayor concentraci\u00f3n de gente existe\u201d.<\/p>\n\n\n\n<p>Una vez habilitadas las preguntas de las y los periodistas, Alberto cuestion\u00f3 las operaciones de los principales medios hegem\u00f3nicos que cuestionan el aislamiento, al calificarlo como \u201cel m\u00e1s largo del mundo\u201d. En este sentido, respondi\u00f3: \u201cLa cuarentena va a durar lo que tenga que durar, para que los argentinos no se mueran. Qu\u00e9 me importa si es o no la m\u00e1s larga del mundo. A la hora de escribir y hacer teor\u00eda es muy f\u00e1cil. Pero a los que estamos ac\u00e1 nos toca gobernar\u201d. Y pidi\u00f3: \u201cDejen de sembrar angustia, porque la angustia es enfermarse\u201d.<\/p>\n\n\n\n<p>Fern\u00e1ndez adem\u00e1s resalt\u00f3 la pol\u00edtica sanitaria del gobierno nacional, al sostener que \u201ctodos los que han requerido atenci\u00f3n m\u00e9dica la han recibido\u201d y \u201cno ha pasado como en otros pa\u00edses donde debi\u00f3 optarse por atender uno u otro\u201d en los casos de coronavirus. \u201cEsto tambi\u00e9n es un \u00e9xito de la cuarentena\u201d, a\u00f1adi\u00f3.<\/p>\n\n\n\n<figure class=\"wp-block-embed-youtube wp-block-embed is-type-video is-provider-youtube wp-embed-aspect-16-9 wp-has-aspect-ratio\"><div class=\"wp-block-embed__wrapper\">\n<div class=\"video-container\"><iframe loading=\"lazy\" title=\"Conferencia de prensa del presidente Alberto Fern\u00e1ndez desde Olivos\" width=\"500\" height=\"281\" src=\"https:\/\/www.youtube.com\/embed\/c1Wcdl0dyeU?feature=oembed&#038;wmode=opaque\" frameborder=\"0\" allow=\"accelerometer; autoplay; encrypted-media; gyroscope; picture-in-picture\" allowfullscreen><\/iframe><\/div>\n<\/div><\/figure>\n\n\n\n<p>\u201cLa duplicaci\u00f3n del virus se da cada 33 d\u00edas sin contar el AMBA, que por su densidad trastorna todo\u201d, continu\u00f3 el Presidente, al se\u00f1alar \u201cel grado de concentraci\u00f3n del problema que tenemos en esta zona\u201d del pa\u00eds. \u201cAhora la concentraci\u00f3n del conflicto\u201d, en relaci\u00f3n a la propagaci\u00f3n del coronavirus, \u201cse da en los barrios populares\u201d, seg\u00fan advirti\u00f3 Alberto. \u201cPor eso se concentrar\u00e1 la atenci\u00f3n en esos barrios, donde vive mucha gente en poco espacio\u201d, avis\u00f3.<\/p>\n\n\n\n<p>\u201cEl vecino ve que el virus golpea la puerta de su casa. Quiero que est\u00e9n tranquilos\u201d, dijo el mandatario en la conferencia, y advirti\u00f3 que \u201cahora los casos van a subir porque sabemos donde est\u00e1 el virus\u201d. En este sentido, le pidi\u00f3 a la poblaci\u00f3n: \u201cNo tenemos que perder la calma\u201d.<\/p>\n\n\n\n<p>\u201cVamos a ocuparnos de custodiar muchos barrios populares para que los que tengan que dejar su casa para aislarse o internarse vayan tranquilos\u201d, asegur\u00f3 en otro tramo de la rueda de prensa, en la que sobre el final, expres\u00f3: \u201cLos \u00faltimos ser\u00e1n los primeros, de ellos vamos a ocuparnos m\u00e1s que de nadie, porque son los que m\u00e1s necesitan nuestro auxilio. No aflojen\u201d.<\/p>\n\n\n\n<p><\/p>\n","protected":false},"excerpt":{"rendered":"<p>\u201cVa a durar lo que tenga que durar, qu\u00e9 me importa si es la m\u00e1s larga del mundo\u201d, indic\u00f3 el presidente Alberto Fern\u00e1ndez. Tambi\u00e9n inform\u00f3 que el 85% de los contagios se&#46;&#46;&#46;<\/p>\n","protected":false},"author":1,"featured_media":9348,"comment_status":"closed","ping_status":"open","sticky":false,"template":"","format":"standard","meta":[],"categories":[10,9,8],"tags":[],"_links":{"self":[{"href":"https:\/\/www.revistarescatados.com.ar\/web\/wp-json\/wp\/v2\/posts\/9347"}],"collection":[{"href":"https:\/\/www.revistarescatados.com.ar\/web\/wp-json\/wp\/v2\/posts"}],"about":[{"href":"https:\/\/www.revistarescatados.com.ar\/web\/wp-json\/wp\/v2\/types\/post"}],"author":[{"embeddable":true,"href":"https:\/\/www.revistarescatados.com.ar\/web\/wp-json\/wp\/v2\/users\/1"}],"replies":[{"embeddable":true,"href":"https:\/\/www.revistarescatados.com.ar\/web\/wp-json\/wp\/v2\/comments?post=9347"}],"version-history":[{"count":1,"href":"https:\/\/www.revistarescatados.com.ar\/web\/wp-json\/wp\/v2\/posts\/9347\/revisions"}],"predecessor-version":[{"id":9349,"href":"https:\/\/www.revistarescatados.com.ar\/web\/wp-json\/wp\/v2\/posts\/9347\/revisions\/9349"}],"wp:featuredmedia":[{"embeddable":true,"href":"https:\/\/www.revistarescatados.com.ar\/web\/wp-json\/wp\/v2\/media\/9348"}],"wp:attachment":[{"href":"https:\/\/www.revistarescatados.com.ar\/web\/wp-json\/wp\/v2\/media?parent=9347"}],"wp:term":[{"taxonomy":"category","embeddable":true,"href":"https:\/\/www.revistarescatados.com.ar\/web\/wp-json\/wp\/v2\/categories?post=9347"},{"taxonomy":"post_tag","embeddable":true,"href":"https:\/\/www.revistarescatados.com.ar\/web\/wp-json\/wp\/v2\/tags?post=9347"}],"curies":[{"name":"wp","href":"https:\/\/api.w.org\/{rel}","templated":true}]}}