{"id":9401,"date":"2020-05-29T00:02:37","date_gmt":"2020-05-29T03:02:37","guid":{"rendered":"http:\/\/www.revistarescatados.com.ar\/web\/?p=9401"},"modified":"2020-05-29T00:03:16","modified_gmt":"2020-05-29T03:03:16","slug":"sonidos-y-colores-se-destacaron-en-el-festejo-de-los-jardines-de-infantes-de-calchaqui-videos","status":"publish","type":"post","link":"https:\/\/www.revistarescatados.com.ar\/web\/2020\/05\/29\/sonidos-y-colores-se-destacaron-en-el-festejo-de-los-jardines-de-infantes-de-calchaqui-videos\/","title":{"rendered":"Sonidos y colores se destacaron en el festejo de los jardines de infantes de Calchaqu\u00ed (videos)"},"content":{"rendered":"\n<figure class=\"wp-block-image size-large\"><img loading=\"lazy\" width=\"1024\" height=\"544\" src=\"http:\/\/www.revistarescatados.com.ar\/web\/wp-content\/uploads\/2020\/05\/docentes-JIN-60-1024x544.jpg\" alt=\"\" class=\"wp-image-9402\" srcset=\"https:\/\/www.revistarescatados.com.ar\/web\/wp-content\/uploads\/2020\/05\/docentes-JIN-60-1024x544.jpg 1024w, https:\/\/www.revistarescatados.com.ar\/web\/wp-content\/uploads\/2020\/05\/docentes-JIN-60-300x159.jpg 300w, https:\/\/www.revistarescatados.com.ar\/web\/wp-content\/uploads\/2020\/05\/docentes-JIN-60-768x408.jpg 768w, https:\/\/www.revistarescatados.com.ar\/web\/wp-content\/uploads\/2020\/05\/docentes-JIN-60.jpg 1382w\" sizes=\"(max-width: 1024px) 100vw, 1024px\" \/><\/figure>\n\n\n\n<p><strong><span class=\"has-inline-color has-vivid-red-color\">Desde la sede del Jard\u00edn 60 parti\u00f3 la autobomba haciendo sonar su sirena; mientras centenares de las familias de los alumnos decoraron los frentes de sus casas para celebrar el \u201cD\u00eda de los jardines y de la Maestra Jardinera\u201d.<\/span><\/strong><\/p>\n\n\n\n<p>Una veintena de docentes, con sus uniformes y accesorios coloridos, al ritmo de la canci\u00f3n clap clap se reunieron frente a la sede del JIN N\u00ba 8060 \u201cGabriela Mistral\u201d. A las 11 horas parti\u00f3 la minicaravana, liderada por una autobomba de la Asociaci\u00f3n de Bomberos Voluntarios y secundada por un patrullero de la comisar\u00eda segunda.<\/p>\n\n\n\n<figure class=\"wp-block-embed-facebook wp-block-embed is-type-video is-provider-facebook\"><div class=\"wp-block-embed__wrapper\">\n<div id=\"fb-root\"><\/div><script async=\"1\" defer=\"1\" crossorigin=\"anonymous\" src=\"https:\/\/connect.facebook.net\/en_US\/sdk.js#xfbml=1&amp;version=v7.0\"><\/script><div class=\"fb-video\" data-href=\"https:\/\/www.facebook.com\/711091835693490\/videos\/1499902203512974\/\" data-width=\"500\"><blockquote cite=\"https:\/\/www.facebook.com\/rescatados.calchaqui.5\/videos\/1499902203512974\/\" class=\"fb-xfbml-parse-ignore\"><a href=\"https:\/\/www.facebook.com\/rescatados.calchaqui.5\/videos\/1499902203512974\/\">FESTEJOS JARDINES<\/a><p>ASI COMENZO EL ABRAZO SONOROLa autobomba y el movil policial partieron de la sede del JIN 8060 y recorrieron la ciudad. \u00a1\u00a1DALE SUMA LA FOTO DE TU FESTEJO EN CASA!!!<\/p>Posted by <a href=\"https:\/\/www.facebook.com\/rescatados.calchaqui.5\/\">Rescatados Television &#8211; Calchaqui<\/a> on Thursday, May 28, 2020<\/blockquote><\/div>\n<\/div><\/figure>\n\n\n\n<p>Al sonar de las sirenas, por las calles de la ciudad, se sumaron los ni\u00f1os y familias con una decoraci\u00f3n alusiva e instrumentos para completar este \u201cabrazo sonoro y colorido\u201d. El recorrido incluy\u00f3 a jardines de gesti\u00f3n p\u00fablica y privada de la ciudad.<\/p>\n\n\n\n<p><strong><a href=\"https:\/\/www.facebook.com\/pg\/Revista-Rescatados-161421006756\/photos\/?tab=album&amp;album_id=10158631564936757\">ALBUM DE FOTOS<\/a><\/strong><\/p>\n\n\n\n<p>Adem\u00e1s las se\u00f1os les regalaron un video a los peque\u00f1os alumnos en su d\u00eda. Miralo.<\/p>\n\n\n\n<figure class=\"wp-block-embed-facebook wp-block-embed is-type-video is-provider-facebook\"><div class=\"wp-block-embed__wrapper\">\n<div id=\"fb-root\"><\/div><script async=\"1\" defer=\"1\" crossorigin=\"anonymous\" src=\"https:\/\/connect.facebook.net\/en_US\/sdk.js#xfbml=1&amp;version=v7.0\"><\/script><div class=\"fb-video\" data-href=\"https:\/\/www.facebook.com\/711091835693490\/videos\/3025435920825010\/\" data-width=\"500\"><blockquote cite=\"https:\/\/www.facebook.com\/rescatados.calchaqui.5\/videos\/3025435920825010\/\" class=\"fb-xfbml-parse-ignore\"><a href=\"https:\/\/www.facebook.com\/rescatados.calchaqui.5\/videos\/3025435920825010\/\">Video maestraz jardineras.<\/a><p>?VIDEO DE LAS SE\u00d1OS DEL JARDIN PARA TODOS LOS NI\u00d1OS?? ??Dejales tu saludo en su d\u00eda????<\/p>Posted by <a href=\"https:\/\/www.facebook.com\/rescatados.calchaqui.5\/\">Rescatados Television &#8211; Calchaqui<\/a> on Thursday, May 28, 2020<\/blockquote><\/div>\n<\/div><\/figure>\n","protected":false},"excerpt":{"rendered":"<p>Desde la sede del Jard\u00edn 60 parti\u00f3 la autobomba haciendo sonar su sirena; mientras centenares de las familias de los alumnos decoraron los frentes de sus casas para celebrar el \u201cD\u00eda de&#46;&#46;&#46;<\/p>\n","protected":false},"author":1,"featured_media":9402,"comment_status":"closed","ping_status":"open","sticky":false,"template":"","format":"standard","meta":[],"categories":[2,7,3,16,15],"tags":[],"_links":{"self":[{"href":"https:\/\/www.revistarescatados.com.ar\/web\/wp-json\/wp\/v2\/posts\/9401"}],"collection":[{"href":"https:\/\/www.revistarescatados.com.ar\/web\/wp-json\/wp\/v2\/posts"}],"about":[{"href":"https:\/\/www.revistarescatados.com.ar\/web\/wp-json\/wp\/v2\/types\/post"}],"author":[{"embeddable":true,"href":"https:\/\/www.revistarescatados.com.ar\/web\/wp-json\/wp\/v2\/users\/1"}],"replies":[{"embeddable":true,"href":"https:\/\/www.revistarescatados.com.ar\/web\/wp-json\/wp\/v2\/comments?post=9401"}],"version-history":[{"count":2,"href":"https:\/\/www.revistarescatados.com.ar\/web\/wp-json\/wp\/v2\/posts\/9401\/revisions"}],"predecessor-version":[{"id":9404,"href":"https:\/\/www.revistarescatados.com.ar\/web\/wp-json\/wp\/v2\/posts\/9401\/revisions\/9404"}],"wp:featuredmedia":[{"embeddable":true,"href":"https:\/\/www.revistarescatados.com.ar\/web\/wp-json\/wp\/v2\/media\/9402"}],"wp:attachment":[{"href":"https:\/\/www.revistarescatados.com.ar\/web\/wp-json\/wp\/v2\/media?parent=9401"}],"wp:term":[{"taxonomy":"category","embeddable":true,"href":"https:\/\/www.revistarescatados.com.ar\/web\/wp-json\/wp\/v2\/categories?post=9401"},{"taxonomy":"post_tag","embeddable":true,"href":"https:\/\/www.revistarescatados.com.ar\/web\/wp-json\/wp\/v2\/tags?post=9401"}],"curies":[{"name":"wp","href":"https:\/\/api.w.org\/{rel}","templated":true}]}}