{"id":9424,"date":"2020-05-30T22:56:38","date_gmt":"2020-05-31T01:56:38","guid":{"rendered":"http:\/\/www.revistarescatados.com.ar\/web\/?p=9424"},"modified":"2020-05-30T22:56:40","modified_gmt":"2020-05-31T01:56:40","slug":"se-confirmo-un-caso-positivo-de-covid-19-a-un-comerciante-de-villa-ocampo","status":"publish","type":"post","link":"https:\/\/www.revistarescatados.com.ar\/web\/2020\/05\/30\/se-confirmo-un-caso-positivo-de-covid-19-a-un-comerciante-de-villa-ocampo\/","title":{"rendered":"Se confirm\u00f3 un caso positivo de covid-19 a un comerciante de Villa Ocampo"},"content":{"rendered":"\n<figure class=\"wp-block-image size-large\"><img loading=\"lazy\" width=\"858\" height=\"572\" src=\"http:\/\/www.revistarescatados.com.ar\/web\/wp-content\/uploads\/2020\/05\/SAMCO-Villa-Ocampo.jpg\" alt=\"\" class=\"wp-image-9425\" srcset=\"https:\/\/www.revistarescatados.com.ar\/web\/wp-content\/uploads\/2020\/05\/SAMCO-Villa-Ocampo.jpg 858w, https:\/\/www.revistarescatados.com.ar\/web\/wp-content\/uploads\/2020\/05\/SAMCO-Villa-Ocampo-300x200.jpg 300w, https:\/\/www.revistarescatados.com.ar\/web\/wp-content\/uploads\/2020\/05\/SAMCO-Villa-Ocampo-768x512.jpg 768w\" sizes=\"(max-width: 858px) 100vw, 858px\" \/><\/figure>\n\n\n\n<p><strong><span class=\"has-inline-color has-vivid-red-color\">El hombre de 49 a\u00f1os se present\u00f3 en el hospital ocampense con problemas respiratorios al que diagnosticaron neumon\u00eda. Ya internado fue trasladado a la ciudad de Reconquista con los protocolos Covid-19 en el que el test r\u00e1pido dio positivo.<\/span><\/strong><\/p>\n\n\n\n<p>Siendo aproximadamente las 18, 30 horas de este s\u00e1bado 30 de mayo, la comunidad ocampense termina de recibir un fuerte golpe. El caso sospechoso fue confirmado positivo al Covid-19.<\/p>\n\n\n\n<p>Un caso que se present\u00f3 en el hospital de la ciudad de Villa Ocampo con problemas respiratorios al que diagnosticaron neumon\u00eda, luego de horas de internado fue trasladado a la ciudad de Reconquista con los protocolos Covid-19 en el que el test r\u00e1pido dio positivo.<\/p>\n\n\n\n<p>El paciente es un comerciante de 49 a\u00f1os, propietario de una verduler\u00eda, raz\u00f3n por la que registra viajes a Resistencia, Chaco. Si bien no necesita asistencia respiratoria mec\u00e1nica y est\u00e1 en sala de cl\u00ednica, se lo considera un &#8220;paciente de riesgo&#8221; porque es hipertenso.<\/p>\n\n\n\n<p><strong><span class=\"has-inline-color has-vivid-red-color\">COMUNICADO OFICIAL<\/span><\/strong><br>El Comit\u00e9 de Crisis y Seguimiento Sanitario del Coronavirus Covid-19 de Reconquista, a trav\u00e9s del Regi\u00f3n de Salud, confirman que la muestra enviada de un paciente de la ciudad de Villa Ocampo dio positivo para COVID-19, de esta manera se confirma el primer caso de coronavirus en el departamento General Obligado.<\/p>\n\n\n\n<p>Se trata de un paciente de Villa Ocampo que fue derivado al Hospital Central Reconquista, se encuentra con evoluci\u00f3n estable al momento de emitir este comunicado.<\/p>\n\n\n\n<p>Se informa a la ciudadan\u00eda que se cumplen debidamente las medidas de aislamiento del paciente en el HCR, y con todos los protocolos tendientes al cuidado del resto de los pacientes internados y del personal.<\/p>\n\n\n\n<p><strong><em>Fuente: Paralelo 28<\/em><\/strong> \/ <strong><em>Reconquista Hoy<\/em><\/strong><\/p>\n","protected":false},"excerpt":{"rendered":"<p>El hombre de 49 a\u00f1os se present\u00f3 en el hospital ocampense con problemas respiratorios al que diagnosticaron neumon\u00eda. Ya internado fue trasladado a la ciudad de Reconquista con los protocolos Covid-19 en&#46;&#46;&#46;<\/p>\n","protected":false},"author":1,"featured_media":9425,"comment_status":"closed","ping_status":"open","sticky":false,"template":"","format":"standard","meta":[],"categories":[6,9,8],"tags":[],"_links":{"self":[{"href":"https:\/\/www.revistarescatados.com.ar\/web\/wp-json\/wp\/v2\/posts\/9424"}],"collection":[{"href":"https:\/\/www.revistarescatados.com.ar\/web\/wp-json\/wp\/v2\/posts"}],"about":[{"href":"https:\/\/www.revistarescatados.com.ar\/web\/wp-json\/wp\/v2\/types\/post"}],"author":[{"embeddable":true,"href":"https:\/\/www.revistarescatados.com.ar\/web\/wp-json\/wp\/v2\/users\/1"}],"replies":[{"embeddable":true,"href":"https:\/\/www.revistarescatados.com.ar\/web\/wp-json\/wp\/v2\/comments?post=9424"}],"version-history":[{"count":1,"href":"https:\/\/www.revistarescatados.com.ar\/web\/wp-json\/wp\/v2\/posts\/9424\/revisions"}],"predecessor-version":[{"id":9426,"href":"https:\/\/www.revistarescatados.com.ar\/web\/wp-json\/wp\/v2\/posts\/9424\/revisions\/9426"}],"wp:featuredmedia":[{"embeddable":true,"href":"https:\/\/www.revistarescatados.com.ar\/web\/wp-json\/wp\/v2\/media\/9425"}],"wp:attachment":[{"href":"https:\/\/www.revistarescatados.com.ar\/web\/wp-json\/wp\/v2\/media?parent=9424"}],"wp:term":[{"taxonomy":"category","embeddable":true,"href":"https:\/\/www.revistarescatados.com.ar\/web\/wp-json\/wp\/v2\/categories?post=9424"},{"taxonomy":"post_tag","embeddable":true,"href":"https:\/\/www.revistarescatados.com.ar\/web\/wp-json\/wp\/v2\/tags?post=9424"}],"curies":[{"name":"wp","href":"https:\/\/api.w.org\/{rel}","templated":true}]}}