{"id":9548,"date":"2020-06-11T22:06:29","date_gmt":"2020-06-12T01:06:29","guid":{"rendered":"http:\/\/www.revistarescatados.com.ar\/web\/?p=9548"},"modified":"2020-06-11T22:06:30","modified_gmt":"2020-06-12T01:06:30","slug":"la-provincia-analiza-la-posibilidad-de-la-vuelta-a-clases-despues-de-las-vacaciones-de-invierno","status":"publish","type":"post","link":"https:\/\/www.revistarescatados.com.ar\/web\/2020\/06\/11\/la-provincia-analiza-la-posibilidad-de-la-vuelta-a-clases-despues-de-las-vacaciones-de-invierno\/","title":{"rendered":"La provincia analiza la posibilidad de la vuelta a clases despu\u00e9s de las vacaciones de invierno"},"content":{"rendered":"\n<figure class=\"wp-block-image size-large\"><img loading=\"lazy\" width=\"722\" height=\"442\" src=\"http:\/\/www.revistarescatados.com.ar\/web\/wp-content\/uploads\/2020\/06\/clases-con-barbijo.jpeg\" alt=\"\" class=\"wp-image-9549\" srcset=\"https:\/\/www.revistarescatados.com.ar\/web\/wp-content\/uploads\/2020\/06\/clases-con-barbijo.jpeg 722w, https:\/\/www.revistarescatados.com.ar\/web\/wp-content\/uploads\/2020\/06\/clases-con-barbijo-300x184.jpeg 300w\" sizes=\"(max-width: 722px) 100vw, 722px\" \/><\/figure>\n\n\n\n<p><strong><span class=\"has-inline-color has-vivid-red-color\">&#8220;No va a volver a ser la escuela que conocimos, de cursado diario, con todos los chicos juntos&#8221;, asegur\u00f3 la ministra de Educaci\u00f3n, Adriana Cantero.<\/span><\/strong><\/p>\n\n\n\n<p>La ministra de Educaci\u00f3n de la provincia de Santa Fe, Adriana Cantero, se refiri\u00f3 este jueves al regreso a las aulas santafesinas por parte de los ni\u00f1os, ni\u00f1as y adolescentes de todo el territorio, luego que las autoridades de Educaci\u00f3n a nivel nacional coordinen los protocolos necesarios en la nueva normalidad tras la pandemia de Covid.<\/p>\n\n\n\n<p><br>En este sentido, Cantero manifest\u00f3 que se est\u00e1 &#8220;trabajando intensamente en los protocolos que podr\u00edan funcionar con los distintos formatos, para poder volver al sistema presencial, de manera gradual, despu\u00e9s de las vacaciones de julio&#8221;.<\/p>\n\n\n\n<p>&#8220;Si en Santa Fe todo sigue como hasta ahora, con una curva de contagios aplanada y controlada, porque va a depender de eso la decisi\u00f3n, vamos a empezar escalonadamente a tener alg\u00fan formato de sistema presencial&#8221;, explic\u00f3 Cantero y luego detall\u00f3: &#8220;En esta segunda etapa del a\u00f1o, no va a volver a ser la escuela que conocimos, de cursado diario, con todos los chicos juntos. Tenemos que pensar formatos diferentes para poder asegurar que todos tengan instancia de presencialidad&#8221;, continu\u00f3 la mandataria.<\/p>\n\n\n\n<p>Luego dijo que a\u00fan no est\u00e1n definidos los horarios y que &#8220;partir la jornada podr\u00eda ser una de las alternativas&#8221;, porque &#8220;pensar otro formato escolar incide en nuestra cultura y en nuestra organizaci\u00f3n familiar, de manera que este sistema que combina la presencialidad y la no presencialidad, es un formato que lo tenemos que pensar mucho&#8221;.<\/p>\n\n\n\n<p>Asimismo, la titular de Educaci\u00f3n remarc\u00f3 que &#8220;no va a ser lo mismo seg\u00fan la ubicaci\u00f3n geogr\u00e1fica de las escuelas y seg\u00fan la densidad poblacional\u201d porque hay que &#8220;asegurar un cursado con distanciamiento&#8221;. &#8220;Por lo tanto, si para cada chico hay que tener en cuenta aproximadamente 2 metros cuadrados de espacio; un distanciamiento de las mesas de, por lo menos, 1,80 metros entre una mesa y otra, el espacio escolar va a estar sustantivamente cambiado y, por lo tanto, el agrupamiento. Estamos analizando todas las variables posibles porque tambi\u00e9n hay que mirar los espacios con los que cuenta cada escuela y en qu\u00e9 condiciones est\u00e1n esos espacios&#8221;, manifest\u00f3.<\/p>\n\n\n\n<p><strong><span class=\"has-inline-color has-vivid-red-color\">PENSAR CON FLEXIBILIDAD<\/span><\/strong><\/p>\n\n\n\n<p>En relaci\u00f3n al esquema que desde el gobierno de la provincia se viene trabajando, Cantero afirm\u00f3: &#8220;Tenemos que pensar con flexibilidad, este virus nos ha puesto en una situaci\u00f3n de enorme dinamismo. Por eso, lo que hoy estamos pensando, podr\u00eda ser distinto ma\u00f1ana. En nuestra provincia, , ten\u00edamos un esquema pensado para la zona norte, en lugares que no hab\u00edan tenido casos de contagio, que podr\u00eda ser las primeras localidades en volver. Y hoy Villa Ocampo no est\u00e1 en esa perspectiva&#8221;, recod\u00f3 la funcionaria.<\/p>\n\n\n\n<p>Al ser consultada sobre si se podr\u00eda perder el a\u00f1o lectivo y que se arranque de cero el a\u00f1o pr\u00f3ximo, Cantero respondi\u00f3: &#8220;En realidad de cero no, porque siempre hay aprendizajes y avances con los chicos. Lo que tenemos que ver en la segunda mitad del a\u00f1o es, tal vez, focalizar m\u00e1s en aquellos n\u00facleos de aprendizaje que son estrat\u00e9gicos y ver de qu\u00e9 manera se pueden trabajar, m\u00e1s de all\u00e1 de que se tengan herramientas y dispositivos distintos para la virtualidad&#8221;, agreg\u00f3.<\/p>\n\n\n\n<p>Finalmente, la ministra se refiri\u00f3 a la posibilidad de extender el ciclo lectivo en diciembre: &#8220;Ha sido una variable que se ha analizado solamente para los \u00faltimos a\u00f1os de la escuela secundaria, como posibilidad. Es decir, los que dejar\u00edan la instancia de escolaridad obligatoria para pasar a una instancia de nivel superior o al mundo laboral\u201d.<\/p>\n","protected":false},"excerpt":{"rendered":"<p>&#8220;No va a volver a ser la escuela que conocimos, de cursado diario, con todos los chicos juntos&#8221;, asegur\u00f3 la ministra de Educaci\u00f3n, Adriana Cantero. La ministra de Educaci\u00f3n de la provincia&#46;&#46;&#46;<\/p>\n","protected":false},"author":1,"featured_media":9549,"comment_status":"closed","ping_status":"open","sticky":false,"template":"","format":"standard","meta":[],"categories":[15,10,12],"tags":[],"_links":{"self":[{"href":"https:\/\/www.revistarescatados.com.ar\/web\/wp-json\/wp\/v2\/posts\/9548"}],"collection":[{"href":"https:\/\/www.revistarescatados.com.ar\/web\/wp-json\/wp\/v2\/posts"}],"about":[{"href":"https:\/\/www.revistarescatados.com.ar\/web\/wp-json\/wp\/v2\/types\/post"}],"author":[{"embeddable":true,"href":"https:\/\/www.revistarescatados.com.ar\/web\/wp-json\/wp\/v2\/users\/1"}],"replies":[{"embeddable":true,"href":"https:\/\/www.revistarescatados.com.ar\/web\/wp-json\/wp\/v2\/comments?post=9548"}],"version-history":[{"count":1,"href":"https:\/\/www.revistarescatados.com.ar\/web\/wp-json\/wp\/v2\/posts\/9548\/revisions"}],"predecessor-version":[{"id":9550,"href":"https:\/\/www.revistarescatados.com.ar\/web\/wp-json\/wp\/v2\/posts\/9548\/revisions\/9550"}],"wp:featuredmedia":[{"embeddable":true,"href":"https:\/\/www.revistarescatados.com.ar\/web\/wp-json\/wp\/v2\/media\/9549"}],"wp:attachment":[{"href":"https:\/\/www.revistarescatados.com.ar\/web\/wp-json\/wp\/v2\/media?parent=9548"}],"wp:term":[{"taxonomy":"category","embeddable":true,"href":"https:\/\/www.revistarescatados.com.ar\/web\/wp-json\/wp\/v2\/categories?post=9548"},{"taxonomy":"post_tag","embeddable":true,"href":"https:\/\/www.revistarescatados.com.ar\/web\/wp-json\/wp\/v2\/tags?post=9548"}],"curies":[{"name":"wp","href":"https:\/\/api.w.org\/{rel}","templated":true}]}}