{"id":9564,"date":"2020-06-15T01:09:26","date_gmt":"2020-06-15T04:09:26","guid":{"rendered":"http:\/\/www.revistarescatados.com.ar\/web\/?p=9564"},"modified":"2020-06-15T01:10:35","modified_gmt":"2020-06-15T04:10:35","slug":"mas-de-13-millones-de-pesos-ingresan-por-ife-a-calchaqui-video","status":"publish","type":"post","link":"https:\/\/www.revistarescatados.com.ar\/web\/2020\/06\/15\/mas-de-13-millones-de-pesos-ingresan-por-ife-a-calchaqui-video\/","title":{"rendered":"M\u00e1s de 13 millones de pesos ingresan por IFE a Calchaqu\u00ed (video)"},"content":{"rendered":"\n<figure class=\"wp-block-image size-large is-resized\"><img loading=\"lazy\" src=\"http:\/\/www.revistarescatados.com.ar\/web\/wp-content\/uploads\/2020\/06\/conferencia-1024x500.jpg\" alt=\"\" class=\"wp-image-9565\" width=\"595\" height=\"290\" srcset=\"https:\/\/www.revistarescatados.com.ar\/web\/wp-content\/uploads\/2020\/06\/conferencia-1024x500.jpg 1024w, https:\/\/www.revistarescatados.com.ar\/web\/wp-content\/uploads\/2020\/06\/conferencia-300x147.jpg 300w, https:\/\/www.revistarescatados.com.ar\/web\/wp-content\/uploads\/2020\/06\/conferencia-768x375.jpg 768w, https:\/\/www.revistarescatados.com.ar\/web\/wp-content\/uploads\/2020\/06\/conferencia.jpg 1220w\" sizes=\"(max-width: 595px) 100vw, 595px\" \/><\/figure>\n\n\n\n<p><span class=\"has-inline-color has-vivid-red-color\"><strong>El municipio brind\u00f3 un informe de gesti\u00f3n sobre desarrollo social y producci\u00f3n. Se han entregado 658 tarjetas alimentarias, que beneficia no solo a las familias sino para el comercio local. Se han realizado relevamientos de ayudas sociales, emprendedores, transportistas y alba\u00f1iles; como tambi\u00e9n se<\/strong> <strong>est\u00e1<\/strong> <strong>trabajando con m\u00e1s de 200 protocolos para las actividades permitidas.<\/strong><\/span><\/p>\n\n\n\n<p>El pasado jueves 11 de junio, se desarroll\u00f3 una conferencia de prensa en la sede municipal a cargo del secretario institucional Prof. Adri\u00e1n Spreggero, la secretaria de desarrollo social Lic. Antonela Beltramino y la secretaria de la Producci\u00f3n Joana Muss\u00edn. All\u00ed se brind\u00f3 un informe de gesti\u00f3n sobre las medidas tomadas por el ejecutivo municipal en conjunto con el Concejo Municipal, entidades intermedias, fuerzas de seguridad, salud, etc. Tambi\u00e9n se anunci\u00f3 que este tipo de informes se realizar\u00e1n peri\u00f3dicamente, cada dos meses.<\/p>\n\n\n\n<p>Se ha ampliado el horario de actividades comerciales y sociales, de 7 a 24 hs, cumpli\u00e9ndose distintos protocolos de acci\u00f3n. El secretario institucional destac\u00f3 el buen comportamiento de la comunidad en las distintas etapas del aislamiento social preventivo y obligatorio. Adem\u00e1s detall\u00f3 que se han implementado controles intensivos en el acceso \u00fanico habilitado a la ciudad.<\/p>\n\n\n\n<p>A aquellas familias que tengan parientes a m\u00e1s de 30 km de la ciudad, Spreggero les pidi\u00f3 paciencia y evitar venir de visita. Si bien Gendarmer\u00eda Nacional y Polic\u00eda Vial tienen la potestad de control sobre las rutas, en el ingreso a la ciudad la tiene el municipio y no permitir\u00e1 el ingreso.<\/p>\n\n\n\n<p>La secretaria de desarrollo social indic\u00f3 que el trabajo de asistencia social se ha reforzado en este tiempo de pandemia con la entrega de mercader\u00edas, mediante el trabajo de las UDES. Adem\u00e1s agradeci\u00f3 a un super chino que entreg\u00f3 bolsones; como tambi\u00e9n se han realizado aporte especial a los comedores y merenderos comunitarios.<\/p>\n\n\n\n<p>El 11 de marzo se hizo el operativo para la entrega de 658 tarjetas alimentarias, que beneficia no solo a las familias sino para el comercio local. Se han enviado notas al comercio sobre el funcionamiento de las tarjetas y se puso a disposici\u00f3n un tel\u00e9fono para denuncias de incumplimientos. Al tiempo que se colabor\u00f3 con la inscripci\u00f3n de 1700 vecinos al Ingreso Familiar de Emergencia, de los cuales 1300 fueron aprobados. La inyecci\u00f3n econ\u00f3mica a la ciudad sum\u00f3 m\u00e1s de 13 millones de pesos, adem\u00e1s de las asignaciones que recibieron directamente el IFE.<\/p>\n\n\n\n<p>El cupo de tarjetas de ciudadan\u00eda (Vale Santa Fe) son 549 tarjetas, m\u00e1s 8 beneficios para cel\u00edacos. Un centenar de este beneficio provincial se dio de baja, por lo que se realiz\u00f3 un nuevo reempadronamiento.<\/p>\n\n\n\n<p>Se est\u00e1 realizando una actualizaci\u00f3n de datos desde las UDES de todas las ayudas sociales, como tambi\u00e9n un relevamiento de emprendedores mediante la secretar\u00eda de la producci\u00f3n y la Oficina de Empleo Municipal. Adem\u00e1s se brinda un acompa\u00f1amiento t\u00e9cnico de cada emprendedor; al tiempo que se realizan entrenamientos laborales y capacitaciones virtuales de j\u00f3venes que est\u00e1n en busca de su empleo.<\/p>\n\n\n\n<p>Se cre\u00f3 un sistema de voluntariado de j\u00f3venes que ayuda a los ancianos, junto al Centro de Jubilados. Se apoy\u00f3 al sistema de salud para la campa\u00f1a de vacunaci\u00f3n antigripal en las sedes de las UDES.<\/p>\n\n\n\n<p>Se destaca el trabajo del Equipo interdisciplinario de ni\u00f1ez, adolescencia, familia y violencia de g\u00e9nero, que realiza una guardia diaria. Ante cualquier emergencia, para denuncia se debe llamar al 100 (comisar\u00eda de la mujer); mientras que el n\u00famero de guardia es 3483 431 528.<\/p>\n\n\n\n<p>En cultura, se ha trabajado en las becas Sostener Cultura y asesoramiento del Fondo Desarrollar. En educaci\u00f3n se han entregado los FAE a los establecimientos rurales y urbanos. El municipio ha colaborado con descartables para las viandas de comedores escolares y elementos de limpieza. Mediante el Centro de D\u00eda Semillero, una psicopedagoga brinda apoyo personalizado a ni\u00f1os, en coordinaci\u00f3n con las escuelas.<\/p>\n\n\n\n<figure class=\"wp-block-embed\"><div class=\"wp-block-embed__wrapper\">\nhttps:\/\/www.facebook.com\/watch\/live\/?v=327611594910172\n<\/div><\/figure>\n\n\n\n<p>En tanto, la secretaria de la producci\u00f3n Joana Muss\u00edn, destac\u00f3 el relevamiento de transportistas, planilla de salud y recorrido de cada uno; como tambi\u00e9n de los alba\u00f1iles. Se ha articulado el programa nacional \u201cArgentina Construye\u201d, junto a desarrollo social. Se est\u00e1 trabajando con m\u00e1s de 200 protocolos para las actividades permitidas. Se ha dispuesto de un inspector municipal para el control de precios y abastecimiento de productos.<\/p>\n\n\n\n<p>Asimismo inform\u00f3 que pronto se firmar\u00e1 un convenio con el Ministerio de la producci\u00f3n provincial &nbsp;para la creaci\u00f3n de una Oficina de defensa del consumidor. Se ha implementado un programa municipal \u201cTu negocio en la red\u201d para promocionar y publicitar a emprendimientos y comercios en las redes sociales. Adem\u00e1s se entregar\u00e1n kits de semillas para la creaci\u00f3n de huertas familiares.<\/p>\n\n\n\n<p>Finalmente avanzan proyectos como la adquisici\u00f3n de una nueva ambulancia para el Servicio de Emergencia Municipal, una sala de inform\u00e1tica, una pala retroexcavadora, 40 cuadras de asfalto, obras de cloacas y una estaci\u00f3n elevadora para el barrio San Mart\u00edn, entre otras gestiones ante la provincia y la naci\u00f3n.<\/p>\n","protected":false},"excerpt":{"rendered":"<p>El municipio brind\u00f3 un informe de gesti\u00f3n sobre desarrollo social y producci\u00f3n. Se han entregado 658 tarjetas alimentarias, que beneficia no solo a las familias sino para el comercio local. Se han&#46;&#46;&#46;<\/p>\n","protected":false},"author":1,"featured_media":9565,"comment_status":"closed","ping_status":"open","sticky":false,"template":"","format":"standard","meta":[],"categories":[2,3,16,10],"tags":[],"_links":{"self":[{"href":"https:\/\/www.revistarescatados.com.ar\/web\/wp-json\/wp\/v2\/posts\/9564"}],"collection":[{"href":"https:\/\/www.revistarescatados.com.ar\/web\/wp-json\/wp\/v2\/posts"}],"about":[{"href":"https:\/\/www.revistarescatados.com.ar\/web\/wp-json\/wp\/v2\/types\/post"}],"author":[{"embeddable":true,"href":"https:\/\/www.revistarescatados.com.ar\/web\/wp-json\/wp\/v2\/users\/1"}],"replies":[{"embeddable":true,"href":"https:\/\/www.revistarescatados.com.ar\/web\/wp-json\/wp\/v2\/comments?post=9564"}],"version-history":[{"count":1,"href":"https:\/\/www.revistarescatados.com.ar\/web\/wp-json\/wp\/v2\/posts\/9564\/revisions"}],"predecessor-version":[{"id":9566,"href":"https:\/\/www.revistarescatados.com.ar\/web\/wp-json\/wp\/v2\/posts\/9564\/revisions\/9566"}],"wp:featuredmedia":[{"embeddable":true,"href":"https:\/\/www.revistarescatados.com.ar\/web\/wp-json\/wp\/v2\/media\/9565"}],"wp:attachment":[{"href":"https:\/\/www.revistarescatados.com.ar\/web\/wp-json\/wp\/v2\/media?parent=9564"}],"wp:term":[{"taxonomy":"category","embeddable":true,"href":"https:\/\/www.revistarescatados.com.ar\/web\/wp-json\/wp\/v2\/categories?post=9564"},{"taxonomy":"post_tag","embeddable":true,"href":"https:\/\/www.revistarescatados.com.ar\/web\/wp-json\/wp\/v2\/tags?post=9564"}],"curies":[{"name":"wp","href":"https:\/\/api.w.org\/{rel}","templated":true}]}}