{"id":9581,"date":"2020-06-17T01:10:40","date_gmt":"2020-06-17T04:10:40","guid":{"rendered":"http:\/\/www.revistarescatados.com.ar\/web\/?p=9581"},"modified":"2020-06-17T01:10:44","modified_gmt":"2020-06-17T04:10:44","slug":"capacitacion-para-el-sem","status":"publish","type":"post","link":"https:\/\/www.revistarescatados.com.ar\/web\/2020\/06\/17\/capacitacion-para-el-sem\/","title":{"rendered":"Capacitaci\u00f3n para el SEM"},"content":{"rendered":"\n<figure class=\"wp-block-image size-large is-resized\"><img loading=\"lazy\" src=\"http:\/\/www.revistarescatados.com.ar\/web\/wp-content\/uploads\/2020\/06\/CAPACITACION-DEL-sem-1024x768.jpg\" alt=\"\" class=\"wp-image-9582\" width=\"586\" height=\"440\" srcset=\"https:\/\/www.revistarescatados.com.ar\/web\/wp-content\/uploads\/2020\/06\/CAPACITACION-DEL-sem-1024x768.jpg 1024w, https:\/\/www.revistarescatados.com.ar\/web\/wp-content\/uploads\/2020\/06\/CAPACITACION-DEL-sem-300x225.jpg 300w, https:\/\/www.revistarescatados.com.ar\/web\/wp-content\/uploads\/2020\/06\/CAPACITACION-DEL-sem-768x576.jpg 768w, https:\/\/www.revistarescatados.com.ar\/web\/wp-content\/uploads\/2020\/06\/CAPACITACION-DEL-sem.jpg 1080w\" sizes=\"(max-width: 586px) 100vw, 586px\" \/><\/figure>\n\n\n\n<p><strong><span class=\"has-inline-color has-vivid-red-color\">El m\u00e9dico Oscar Aguirre brind\u00f3 una capacitaci\u00f3n al personal del Servicio de Emergencia Municipal (SEM). <\/span><\/strong><\/p>\n\n\n\n<p>El objetivo es garantizar la puesta en pr\u00e1ctica de los protocolos de salud en los traslados de pacientes al hospital a cargo del SEM, especialmente en esta situaci\u00f3n de emergencia sanitaria.<\/p>\n","protected":false},"excerpt":{"rendered":"<p>El m\u00e9dico Oscar Aguirre brind\u00f3 una capacitaci\u00f3n al personal del Servicio de Emergencia Municipal (SEM). El objetivo es garantizar la puesta en pr\u00e1ctica de los protocolos de salud en los traslados de&#46;&#46;&#46;<\/p>\n","protected":false},"author":1,"featured_media":9582,"comment_status":"closed","ping_status":"open","sticky":false,"template":"","format":"standard","meta":[],"categories":[2,3,9],"tags":[],"_links":{"self":[{"href":"https:\/\/www.revistarescatados.com.ar\/web\/wp-json\/wp\/v2\/posts\/9581"}],"collection":[{"href":"https:\/\/www.revistarescatados.com.ar\/web\/wp-json\/wp\/v2\/posts"}],"about":[{"href":"https:\/\/www.revistarescatados.com.ar\/web\/wp-json\/wp\/v2\/types\/post"}],"author":[{"embeddable":true,"href":"https:\/\/www.revistarescatados.com.ar\/web\/wp-json\/wp\/v2\/users\/1"}],"replies":[{"embeddable":true,"href":"https:\/\/www.revistarescatados.com.ar\/web\/wp-json\/wp\/v2\/comments?post=9581"}],"version-history":[{"count":1,"href":"https:\/\/www.revistarescatados.com.ar\/web\/wp-json\/wp\/v2\/posts\/9581\/revisions"}],"predecessor-version":[{"id":9583,"href":"https:\/\/www.revistarescatados.com.ar\/web\/wp-json\/wp\/v2\/posts\/9581\/revisions\/9583"}],"wp:featuredmedia":[{"embeddable":true,"href":"https:\/\/www.revistarescatados.com.ar\/web\/wp-json\/wp\/v2\/media\/9582"}],"wp:attachment":[{"href":"https:\/\/www.revistarescatados.com.ar\/web\/wp-json\/wp\/v2\/media?parent=9581"}],"wp:term":[{"taxonomy":"category","embeddable":true,"href":"https:\/\/www.revistarescatados.com.ar\/web\/wp-json\/wp\/v2\/categories?post=9581"},{"taxonomy":"post_tag","embeddable":true,"href":"https:\/\/www.revistarescatados.com.ar\/web\/wp-json\/wp\/v2\/tags?post=9581"}],"curies":[{"name":"wp","href":"https:\/\/api.w.org\/{rel}","templated":true}]}}