{"id":9593,"date":"2020-06-17T01:45:43","date_gmt":"2020-06-17T04:45:43","guid":{"rendered":"http:\/\/www.revistarescatados.com.ar\/web\/?p=9593"},"modified":"2020-06-17T01:45:44","modified_gmt":"2020-06-17T04:45:44","slug":"secuestraron-una-escopeta-sin-documentacion-y-un-carpincho-a-un-vecino-de-calchaqui","status":"publish","type":"post","link":"https:\/\/www.revistarescatados.com.ar\/web\/2020\/06\/17\/secuestraron-una-escopeta-sin-documentacion-y-un-carpincho-a-un-vecino-de-calchaqui\/","title":{"rendered":"Secuestraron una escopeta sin documentaci\u00f3n y un carpincho a un vecino de Calchaqu\u00ed"},"content":{"rendered":"\n<figure class=\"wp-block-image size-large is-resized\"><img loading=\"lazy\" src=\"http:\/\/www.revistarescatados.com.ar\/web\/wp-content\/uploads\/2020\/06\/secuestro-1.jpg\" alt=\"\" class=\"wp-image-9594\" width=\"590\" height=\"296\" srcset=\"https:\/\/www.revistarescatados.com.ar\/web\/wp-content\/uploads\/2020\/06\/secuestro-1.jpg 960w, https:\/\/www.revistarescatados.com.ar\/web\/wp-content\/uploads\/2020\/06\/secuestro-1-300x151.jpg 300w, https:\/\/www.revistarescatados.com.ar\/web\/wp-content\/uploads\/2020\/06\/secuestro-1-768x386.jpg 768w\" sizes=\"(max-width: 590px) 100vw, 590px\" \/><\/figure>\n\n\n\n<p><strong><span class=\"has-inline-color has-vivid-red-color\">En operativos de Los Pumas, fue decomisado el animal silvestre de unos 25 kilos que era transportado en un auto. Adem\u00e1s se labr\u00f3 una infracci\u00f3n a otro cazador con un galgo.<\/span><\/strong><\/p>\n\n\n\n<p>En un patrullaje preventivo en zona rural de Calchaqu\u00ed, personal policial intercepta un veh\u00edculo marca Fiat, el cual era conducido por un ciudadano de 45 a\u00f1os de edad, oriundo de la Localidad.<\/p>\n\n\n\n<p>Procedieron al chequeo del rodado, hall\u00e1ndose un arma de fuego. Fue consultado por documentaci\u00f3n correspondiente y manifest\u00f3 no poseer.<\/p>\n\n\n\n<p>&nbsp;Por lo que se procedi\u00f3 al secuestro preventivo de una escopeta, calibre 16 en regular estado de conservaci\u00f3n, y cartuchos calibre 16 intactos; como as\u00ed tambi\u00e9n un animal silvestre sin vida de la especie carpincho de aproximadamente veinticinco (25) kilogramos.<\/p>\n\n\n\n<p>El hombre fue notificado por Infracci\u00f3n al Art. 189 Bis Inc. II del CPA (Tenencia Indebida de Arma de Fuego de Uso Civil). Adem\u00e1s fue desnaturalizado el animal silvestre decomisado.<\/p>\n\n\n\n<figure class=\"wp-block-image size-large\"><img loading=\"lazy\" width=\"576\" height=\"960\" src=\"http:\/\/www.revistarescatados.com.ar\/web\/wp-content\/uploads\/2020\/06\/secuestro.jpg\" alt=\"\" class=\"wp-image-9595\" srcset=\"https:\/\/www.revistarescatados.com.ar\/web\/wp-content\/uploads\/2020\/06\/secuestro.jpg 576w, https:\/\/www.revistarescatados.com.ar\/web\/wp-content\/uploads\/2020\/06\/secuestro-180x300.jpg 180w\" sizes=\"(max-width: 576px) 100vw, 576px\" \/><\/figure>\n\n\n\n<p>Por otro lado, personal policial labro Acta por Infracci\u00f3n a la Ley Provincial N\u00ba 4830 (Ley de Caza), a un se\u00f1or domiciliado en la localidad que se encontraba realizando actividad de caza con can de raza Galgo; sin licencia, en zona no habilitada y con procedimientos antideportivo. Interviene Ministerio de la Producci\u00f3n \u2013 Santa Fe.-<\/p>\n","protected":false},"excerpt":{"rendered":"<p>En operativos de Los Pumas, fue decomisado el animal silvestre de unos 25 kilos que era transportado en un auto. Adem\u00e1s se labr\u00f3 una infracci\u00f3n a otro cazador con un galgo. En&#46;&#46;&#46;<\/p>\n","protected":false},"author":1,"featured_media":9595,"comment_status":"closed","ping_status":"open","sticky":false,"template":"","format":"standard","meta":[],"categories":[2,3,10,11],"tags":[],"_links":{"self":[{"href":"https:\/\/www.revistarescatados.com.ar\/web\/wp-json\/wp\/v2\/posts\/9593"}],"collection":[{"href":"https:\/\/www.revistarescatados.com.ar\/web\/wp-json\/wp\/v2\/posts"}],"about":[{"href":"https:\/\/www.revistarescatados.com.ar\/web\/wp-json\/wp\/v2\/types\/post"}],"author":[{"embeddable":true,"href":"https:\/\/www.revistarescatados.com.ar\/web\/wp-json\/wp\/v2\/users\/1"}],"replies":[{"embeddable":true,"href":"https:\/\/www.revistarescatados.com.ar\/web\/wp-json\/wp\/v2\/comments?post=9593"}],"version-history":[{"count":1,"href":"https:\/\/www.revistarescatados.com.ar\/web\/wp-json\/wp\/v2\/posts\/9593\/revisions"}],"predecessor-version":[{"id":9596,"href":"https:\/\/www.revistarescatados.com.ar\/web\/wp-json\/wp\/v2\/posts\/9593\/revisions\/9596"}],"wp:featuredmedia":[{"embeddable":true,"href":"https:\/\/www.revistarescatados.com.ar\/web\/wp-json\/wp\/v2\/media\/9595"}],"wp:attachment":[{"href":"https:\/\/www.revistarescatados.com.ar\/web\/wp-json\/wp\/v2\/media?parent=9593"}],"wp:term":[{"taxonomy":"category","embeddable":true,"href":"https:\/\/www.revistarescatados.com.ar\/web\/wp-json\/wp\/v2\/categories?post=9593"},{"taxonomy":"post_tag","embeddable":true,"href":"https:\/\/www.revistarescatados.com.ar\/web\/wp-json\/wp\/v2\/tags?post=9593"}],"curies":[{"name":"wp","href":"https:\/\/api.w.org\/{rel}","templated":true}]}}