{"id":9597,"date":"2020-06-17T16:07:46","date_gmt":"2020-06-17T19:07:46","guid":{"rendered":"http:\/\/www.revistarescatados.com.ar\/web\/?p=9597"},"modified":"2020-06-17T16:23:45","modified_gmt":"2020-06-17T19:23:45","slug":"sonia-martorano-es-la-nueva-ministra-de-salud-de-la-provincia","status":"publish","type":"post","link":"https:\/\/www.revistarescatados.com.ar\/web\/2020\/06\/17\/sonia-martorano-es-la-nueva-ministra-de-salud-de-la-provincia\/","title":{"rendered":"Sonia Martorano es la nueva ministra de Salud de la provincia"},"content":{"rendered":"\n<figure class=\"wp-block-image size-large\"><img loading=\"lazy\" width=\"1024\" height=\"575\" src=\"http:\/\/www.revistarescatados.com.ar\/web\/wp-content\/uploads\/2020\/06\/Silvia-Martorano-1024x575.jpg\" alt=\"\" class=\"wp-image-9598\" srcset=\"https:\/\/www.revistarescatados.com.ar\/web\/wp-content\/uploads\/2020\/06\/Silvia-Martorano-1024x575.jpg 1024w, https:\/\/www.revistarescatados.com.ar\/web\/wp-content\/uploads\/2020\/06\/Silvia-Martorano-300x168.jpg 300w, https:\/\/www.revistarescatados.com.ar\/web\/wp-content\/uploads\/2020\/06\/Silvia-Martorano-768x431.jpg 768w, https:\/\/www.revistarescatados.com.ar\/web\/wp-content\/uploads\/2020\/06\/Silvia-Martorano.jpg 1140w\" sizes=\"(max-width: 1024px) 100vw, 1024px\" \/><\/figure>\n\n\n\n<p><strong><span class=\"has-inline-color has-vivid-red-color\">El gobernador Omar Perotti tom\u00f3 juramento este martes a la nueva ministra de Salud de la provincia, Sonia Martorano, quien ocupar\u00e1 el lugar de Carlos Parola. <\/span><\/strong><\/p>\n\n\n\n<p>El ministro de Salud de la Naci\u00f3n, Gin\u00e9s Gonz\u00e1lez Garc\u00eda, particip\u00f3 del acto que se llev\u00f3 a cabo en el Sal\u00f3n Blanco de Casa de Gobierno en la ciudad de Santa Fe.<\/p>\n\n\n\n<p><br>\u201cHoy es un momento importante, un momento en el que un ministro como Carlos Parola deja su lugar para que Sonia, su compa\u00f1era de trabajo en estos meses, pueda tomar la posta\u201d, sostuvo el gobernador luego de tomar juramente a la nueva ministra. \u201cSentimos que es un cambio de lugar del equipo porque as\u00ed se ha constituido en esta etapa y, particularmente, en el inicio de la pandemia\u201d.<\/p>\n\n\n\n<p>\u201cGracias Carlos, s\u00e9 que ha sido un esfuerzo muy grande de tu parte acompa\u00f1arnos hasta aqu\u00ed y respaldar la acci\u00f3n del gobierno de la provincia frente a algo desconocido. La posibilidad de saber que \u00edbamos consolidando un equipo con solidez es lo que nos permiti\u00f3 enfrentar desde el inicio lo que todos nos enteramos sobre la marcha, lo mal que est\u00e1bamos con las camas cr\u00edticas\u201d.<\/p>\n\n\n\n<p>\u201cAll\u00ed fue clave la decisi\u00f3n del presidente y del ministro Gin\u00e9s de tomar a su cargo no solamente el tema de los respiradores sino de ayudar en el tema de los insumos. Esto nos fue permitiendo ordenarnos de manera progresiva en la medida que todos y cada uno de los santafesinos y santafesinas iba acompa\u00f1\u00e1ndonos a ganar tiempo y a achatar la curva\u201d.<\/p>\n\n\n\n<p>\u201cEstamos hoy en una nueva etapa donde el Estado sigue vigente y atento en las definiciones como sede el primer d\u00eda. Por eso el agradecimiento Carlos y el deseo de \u00e9xitos Sonia. Todos los que te hemos visto trabajar en este tiempo sabemos de c\u00f3mo va a ser tu entrega, sabemos de tu disposici\u00f3n, de tus energ\u00edas, de tu capacidad de trabajo y vamos a acompa\u00f1arte para que podamos seguir llevando adelante los mejores resultados en el tema de salud\u201d, finaliz\u00f3 Perotti.<\/p>\n\n\n\n<figure class=\"wp-block-embed\"><div class=\"wp-block-embed__wrapper\">\n<div style=\"width: 640px;\" class=\"wp-video\"><!--[if lt IE 9]><script>document.createElement('video');<\/script><![endif]-->\n<video class=\"wp-video-shortcode\" id=\"video-9597-1\" width=\"640\" height=\"360\" preload=\"metadata\" controls=\"controls\"><source type=\"video\/mp4\" src=\"https:\/\/www.santafe.gob.ar\/noticias\/recursos\/videosHD\/2020\/06\/2020-06-16NID_267747O_1.mp4?_=1\" \/><a href=\"https:\/\/www.santafe.gob.ar\/noticias\/recursos\/videosHD\/2020\/06\/2020-06-16NID_267747O_1.mp4\">https:\/\/www.santafe.gob.ar\/noticias\/recursos\/videosHD\/2020\/06\/2020-06-16NID_267747O_1.mp4<\/a><\/video><\/div>\n<\/div><\/figure>\n\n\n\n<p><strong><span class=\"has-inline-color has-vivid-red-color\">EL DERECHO A LA SALUD<\/span><\/strong><\/p>\n\n\n\n<p>Por su parte, la ministra de Salud, Sonia Martorano, agradeci\u00f3 al \u201cministro de Salud de la Naci\u00f3n, Gin\u00e9s Gonz\u00e1lez Garc\u00eda, porque para nosotros no solo es nuestro ministro de Salud, sino que es una luz que nos va guiando en este camino tan dif\u00edcil, no ya de la pandemia, sino de lo que es la salud p\u00fablica\u201d.<\/p>\n\n\n\n<p>\u201cGracias gobernador por acompa\u00f1arnos y apoyarnos en todo este camino; a mi compa\u00f1ero de los \u00faltimos seis meses Carlos Parola, una de las personas m\u00e1s bella que he conocido, un gran m\u00e9dico y un sanitarista\u201d.<\/p>\n\n\n\n<p>\u201cMi compromiso hoy al asumir esta funci\u00f3n, con el gobernador, con el ministro de Salud, es que el derecho a la salu, sea el derecho de todos los santafesinos y santafesinas; que la accesibilidad no sea meramente declaratoria, que la equidad no sea algo declamatorio, que sean verdaderas razones de ser y derechos de cada santafesino y santafesina\u201d.<\/p>\n\n\n\n<p>\u201cHoy orgullosamente podemos decir que hemos podido reforzar el sistema de salud, no solo el sistema de salud p\u00fablica, sino la articulaci\u00f3n p\u00fablico \u2013 privada. Hemos reforzado nuestras camas cr\u00edticas, hoy contamos con 920 camas cr\u00edticas ventiladas en la provincia de Santa Fe, contamos con 5900 camas generales; y tenemos centros de aislamiento con m\u00e1s de 8500 camas, para aquellos casos leves que por situaciones socioecon\u00f3micas o de vulnerabilidad requieran aislamiento\u201d.<\/p>\n\n\n\n<p>\u201cNo soslayamos las cuestiones econ\u00f3micas, productivas y financieras, por supuestos que las tenemos en cuenta, pero el derecho a la salud va a ser siempre lo que vamos a defender, no es un valor de mercado, y eso es la diferencia en esta Argentina y en esta provincia\u201d, finaliz\u00f3 Martorano.<\/p>\n\n\n\n<p>Participaron tambi\u00e9n los ministros de Gesti\u00f3n P\u00fablica, Rub\u00e9n Michlig; de Trabajo, Roberto Sukerman; de Gobierno, Justicia, Derechos Humanos y Diversidad, Esteban Borgonovo; de Educaci\u00f3n, Adriana Cantero; y de Ambiente y Cambio Clim\u00e1tico, Erika Gonnet; entre otras autoridades.<\/p>\n","protected":false},"excerpt":{"rendered":"<p>El gobernador Omar Perotti tom\u00f3 juramento este martes a la nueva ministra de Salud de la provincia, Sonia Martorano, quien ocupar\u00e1 el lugar de Carlos Parola. El ministro de Salud de la&#46;&#46;&#46;<\/p>\n","protected":false},"author":1,"featured_media":9598,"comment_status":"closed","ping_status":"open","sticky":false,"template":"","format":"standard","meta":[],"categories":[10,12,9],"tags":[],"_links":{"self":[{"href":"https:\/\/www.revistarescatados.com.ar\/web\/wp-json\/wp\/v2\/posts\/9597"}],"collection":[{"href":"https:\/\/www.revistarescatados.com.ar\/web\/wp-json\/wp\/v2\/posts"}],"about":[{"href":"https:\/\/www.revistarescatados.com.ar\/web\/wp-json\/wp\/v2\/types\/post"}],"author":[{"embeddable":true,"href":"https:\/\/www.revistarescatados.com.ar\/web\/wp-json\/wp\/v2\/users\/1"}],"replies":[{"embeddable":true,"href":"https:\/\/www.revistarescatados.com.ar\/web\/wp-json\/wp\/v2\/comments?post=9597"}],"version-history":[{"count":1,"href":"https:\/\/www.revistarescatados.com.ar\/web\/wp-json\/wp\/v2\/posts\/9597\/revisions"}],"predecessor-version":[{"id":9599,"href":"https:\/\/www.revistarescatados.com.ar\/web\/wp-json\/wp\/v2\/posts\/9597\/revisions\/9599"}],"wp:featuredmedia":[{"embeddable":true,"href":"https:\/\/www.revistarescatados.com.ar\/web\/wp-json\/wp\/v2\/media\/9598"}],"wp:attachment":[{"href":"https:\/\/www.revistarescatados.com.ar\/web\/wp-json\/wp\/v2\/media?parent=9597"}],"wp:term":[{"taxonomy":"category","embeddable":true,"href":"https:\/\/www.revistarescatados.com.ar\/web\/wp-json\/wp\/v2\/categories?post=9597"},{"taxonomy":"post_tag","embeddable":true,"href":"https:\/\/www.revistarescatados.com.ar\/web\/wp-json\/wp\/v2\/tags?post=9597"}],"curies":[{"name":"wp","href":"https:\/\/api.w.org\/{rel}","templated":true}]}}