{"id":9621,"date":"2020-06-20T00:43:55","date_gmt":"2020-06-20T03:43:55","guid":{"rendered":"http:\/\/www.revistarescatados.com.ar\/web\/?p=9621"},"modified":"2020-06-20T00:59:44","modified_gmt":"2020-06-20T03:59:44","slug":"confirmaron-casos-de-covid-19-en-reconquista-y-avellaneda","status":"publish","type":"post","link":"https:\/\/www.revistarescatados.com.ar\/web\/2020\/06\/20\/confirmaron-casos-de-covid-19-en-reconquista-y-avellaneda\/","title":{"rendered":"Confirmaron casos de covid-19 en Reconquista y Avellaneda"},"content":{"rendered":"\n<figure class=\"wp-block-image size-large\"><img loading=\"lazy\" width=\"620\" height=\"465\" src=\"http:\/\/www.revistarescatados.com.ar\/web\/wp-content\/uploads\/2020\/03\/coronavirus.jpg\" alt=\"\" class=\"wp-image-8306\" srcset=\"https:\/\/www.revistarescatados.com.ar\/web\/wp-content\/uploads\/2020\/03\/coronavirus.jpg 620w, https:\/\/www.revistarescatados.com.ar\/web\/wp-content\/uploads\/2020\/03\/coronavirus-300x225.jpg 300w\" sizes=\"(max-width: 620px) 100vw, 620px\" \/><\/figure>\n\n\n\n<p><strong><span class=\"has-inline-color has-vivid-red-color\">Se registraron 22 nuevos casos en las ultimas 48 horas en la provincia de Santa Fe. El total de casos desde el comienzo de la pandemia a la fecha es 311. Se registran un total de cuatro fallecidos para la provincia.<\/span><\/strong><\/p>\n\n\n\n<p>El Ministerio de Salud de Santa Fe, a trav\u00e9s de la Direcci\u00f3n Provincial de Epidemiolog\u00eda, informa a la poblaci\u00f3n que en el d\u00eda de la fecha se han confirmado 11 casos nuevos de COVID-19, en el territorio provincial.<br>Los casos nuevos corresponden: 3 a la localidad de Ceres, 2 a la localidad de Rosario, 1 a la localidad de Villada, 1 a la localidad de Reconquista, 1 a la localidad de Avellaneda, 1 a la localidad de Casilda, 1 a la localidad de Los Quirquinchos, 1 caso de Santa Rosa de Calchines.<\/p>\n\n\n\n<p>El total de casos desde el comienzo de la pandemia a la fecha es 311.<\/p>\n\n\n\n<p>De esos casos, 302 fueron atendidos y estudiados en la provincia, 9 fuera de la misma, pero de pacientes con residencia habitual en Santa Fe (3 en provincia de Buenos Aires, 2 en CABA, 2 en Mendoza, 1 estudiado en C\u00f3rdoba y 1 estudiado en Chaco).<\/p>\n\n\n\n<p>Hasta la fecha se registran un total de cuatro fallecidos para la provincia. Ning\u00fan paciente se encuentra internado en cuidados intensivos. Cinco pacientes se encuentran internados en sala general. Los dem\u00e1s casos confirmados presentan una evoluci\u00f3n favorable.<\/p>\n\n\n\n<p>De los casos atendidos y estudiados en la provincia un total de 250 pacientes confirmados no activos (previamente pacientes con criterio de alta).<\/p>\n\n\n\n<p>En la provincia se registraron 11.829 notificaciones de las cuales 11.295 fueron descartadas y 223 contin\u00faan en estudio.<\/p>\n","protected":false},"excerpt":{"rendered":"<p>Se registraron 22 nuevos casos en las ultimas 48 horas en la provincia de Santa Fe. El total de casos desde el comienzo de la pandemia a la fecha es 311. Se&#46;&#46;&#46;<\/p>\n","protected":false},"author":1,"featured_media":8306,"comment_status":"closed","ping_status":"open","sticky":false,"template":"","format":"standard","meta":[],"categories":[6,16,12,9],"tags":[],"_links":{"self":[{"href":"https:\/\/www.revistarescatados.com.ar\/web\/wp-json\/wp\/v2\/posts\/9621"}],"collection":[{"href":"https:\/\/www.revistarescatados.com.ar\/web\/wp-json\/wp\/v2\/posts"}],"about":[{"href":"https:\/\/www.revistarescatados.com.ar\/web\/wp-json\/wp\/v2\/types\/post"}],"author":[{"embeddable":true,"href":"https:\/\/www.revistarescatados.com.ar\/web\/wp-json\/wp\/v2\/users\/1"}],"replies":[{"embeddable":true,"href":"https:\/\/www.revistarescatados.com.ar\/web\/wp-json\/wp\/v2\/comments?post=9621"}],"version-history":[{"count":1,"href":"https:\/\/www.revistarescatados.com.ar\/web\/wp-json\/wp\/v2\/posts\/9621\/revisions"}],"predecessor-version":[{"id":9622,"href":"https:\/\/www.revistarescatados.com.ar\/web\/wp-json\/wp\/v2\/posts\/9621\/revisions\/9622"}],"wp:featuredmedia":[{"embeddable":true,"href":"https:\/\/www.revistarescatados.com.ar\/web\/wp-json\/wp\/v2\/media\/8306"}],"wp:attachment":[{"href":"https:\/\/www.revistarescatados.com.ar\/web\/wp-json\/wp\/v2\/media?parent=9621"}],"wp:term":[{"taxonomy":"category","embeddable":true,"href":"https:\/\/www.revistarescatados.com.ar\/web\/wp-json\/wp\/v2\/categories?post=9621"},{"taxonomy":"post_tag","embeddable":true,"href":"https:\/\/www.revistarescatados.com.ar\/web\/wp-json\/wp\/v2\/tags?post=9621"}],"curies":[{"name":"wp","href":"https:\/\/api.w.org\/{rel}","templated":true}]}}